{"id":1731,"date":"2025-04-24T18:12:52","date_gmt":"2025-04-24T16:12:52","guid":{"rendered":"https:\/\/blocsenresidencia.bcn.cat\/20242025\/2025\/04\/24\/preparem-la-mostra-final\/"},"modified":"2025-04-24T18:12:52","modified_gmt":"2025-04-24T16:12:52","slug":"preparem-la-mostra-final","status":"publish","type":"post","link":"https:\/\/blocsenresidencia.bcn.cat\/20242025\/2025\/04\/24\/preparem-la-mostra-final\/","title":{"rendered":"Preparem la mostra final"},"content":{"rendered":"<p>Des de <a href=\"https:\/\/blocsenresidencia.bcn.cat\/bastida2025\/preparem-la-mostra-final\/\">Toni Mira EN RESiD\u00c8NCiA a l\u2019Institut La Bastida<\/a><\/p>\n<div>Avui hem fet els darrers assajos abans de la mostra final amb en Toni Mira. Hem posat en com\u00fa les sensacions que ens desperta el projecte, hem comen\u00e7at a pensar un possible t\u00edtol i hem revisat el temps de qu\u00e8 disposem per l\u2019exposici\u00f3. Cada cop ho tenim m\u00e9s a prop!<\/div>\n","protected":false},"excerpt":{"rendered":"<p>Des de Toni Mira EN RESiD\u00c8NCiA a l\u2019Institut La Bastida Avui hem fet els darrers assajos abans de la mostra final amb en Toni Mira. Hem posat en com\u00fa les sensacions que ens desperta el projecte, hem comen\u00e7at a pensar un possible t\u00edtol i hem revisat el temps de qu\u00e8 disposem per l\u2019exposici\u00f3. Cada cop &hellip; <\/p>\n<p class=\"link-more\"><a href=\"https:\/\/blocsenresidencia.bcn.cat\/20242025\/2025\/04\/24\/preparem-la-mostra-final\/\" class=\"more-link\">Continua llegint <span class=\"screen-reader-text\">\u00abPreparem la mostra final\u00bb<\/span><\/a><\/p>\n","protected":false},"author":5,"featured_media":0,"comment_status":"closed","ping_status":"closed","sticky":false,"template":"","format":"standard","meta":{"footnotes":""},"categories":[1],"tags":[],"class_list":["post-1731","post","type-post","status-publish","format-standard","hentry","category-general"],"_links":{"self":[{"href":"https:\/\/blocsenresidencia.bcn.cat\/20242025\/wp-json\/wp\/v2\/posts\/1731","targetHints":{"allow":["GET"]}}],"collection":[{"href":"https:\/\/blocsenresidencia.bcn.cat\/20242025\/wp-json\/wp\/v2\/posts"}],"about":[{"href":"https:\/\/blocsenresidencia.bcn.cat\/20242025\/wp-json\/wp\/v2\/types\/post"}],"author":[{"embeddable":true,"href":"https:\/\/blocsenresidencia.bcn.cat\/20242025\/wp-json\/wp\/v2\/users\/5"}],"replies":[{"embeddable":true,"href":"https:\/\/blocsenresidencia.bcn.cat\/20242025\/wp-json\/wp\/v2\/comments?post=1731"}],"version-history":[{"count":0,"href":"https:\/\/blocsenresidencia.bcn.cat\/20242025\/wp-json\/wp\/v2\/posts\/1731\/revisions"}],"wp:attachment":[{"href":"https:\/\/blocsenresidencia.bcn.cat\/20242025\/wp-json\/wp\/v2\/media?parent=1731"}],"wp:term":[{"taxonomy":"category","embeddable":true,"href":"https:\/\/blocsenresidencia.bcn.cat\/20242025\/wp-json\/wp\/v2\/categories?post=1731"},{"taxonomy":"post_tag","embeddable":true,"href":"https:\/\/blocsenresidencia.bcn.cat\/20242025\/wp-json\/wp\/v2\/tags?post=1731"}],"curies":[{"name":"wp","href":"https:\/\/api.w.org\/{rel}","templated":true}]}}