{"id":1732,"date":"2025-04-25T12:04:53","date_gmt":"2025-04-25T10:04:53","guid":{"rendered":"https:\/\/blocsenresidencia.bcn.cat\/20242025\/2025\/04\/25\/foto-foto-foto\/"},"modified":"2025-04-25T12:04:53","modified_gmt":"2025-04-25T10:04:53","slug":"foto-foto-foto","status":"publish","type":"post","link":"https:\/\/blocsenresidencia.bcn.cat\/20242025\/2025\/04\/25\/foto-foto-foto\/","title":{"rendered":"Foto, foto, foto!!!!"},"content":{"rendered":"<p>Des de <a href=\"https:\/\/blocsenresidencia.bcn.cat\/lamina2025\/foto-foto-foto\/\">Agn\u00e8s Sales i H\u00e9ctor Plaza EN RESiD\u00c8NCiA a l\u2019Institut Escola La Mina<\/a><\/p>\n<div>Vam comen\u00e7ar fent fotografies grupals est\u00e0tiques, per treballar en equip i practicar la coordinaci\u00f3. Inventant\u00a0 diferents escenes per representar el dia 10 de juny, la mostra de final de curs.<\/div>\n","protected":false},"excerpt":{"rendered":"<p>Des de Agn\u00e8s Sales i H\u00e9ctor Plaza EN RESiD\u00c8NCiA a l\u2019Institut Escola La Mina Vam comen\u00e7ar fent fotografies grupals est\u00e0tiques, per treballar en equip i practicar la coordinaci\u00f3. Inventant\u00a0 diferents escenes per representar el dia 10 de juny, la mostra de final de curs.<\/p>\n","protected":false},"author":5,"featured_media":0,"comment_status":"closed","ping_status":"closed","sticky":false,"template":"","format":"standard","meta":{"footnotes":""},"categories":[1],"tags":[],"class_list":["post-1732","post","type-post","status-publish","format-standard","hentry","category-general"],"_links":{"self":[{"href":"https:\/\/blocsenresidencia.bcn.cat\/20242025\/wp-json\/wp\/v2\/posts\/1732","targetHints":{"allow":["GET"]}}],"collection":[{"href":"https:\/\/blocsenresidencia.bcn.cat\/20242025\/wp-json\/wp\/v2\/posts"}],"about":[{"href":"https:\/\/blocsenresidencia.bcn.cat\/20242025\/wp-json\/wp\/v2\/types\/post"}],"author":[{"embeddable":true,"href":"https:\/\/blocsenresidencia.bcn.cat\/20242025\/wp-json\/wp\/v2\/users\/5"}],"replies":[{"embeddable":true,"href":"https:\/\/blocsenresidencia.bcn.cat\/20242025\/wp-json\/wp\/v2\/comments?post=1732"}],"version-history":[{"count":0,"href":"https:\/\/blocsenresidencia.bcn.cat\/20242025\/wp-json\/wp\/v2\/posts\/1732\/revisions"}],"wp:attachment":[{"href":"https:\/\/blocsenresidencia.bcn.cat\/20242025\/wp-json\/wp\/v2\/media?parent=1732"}],"wp:term":[{"taxonomy":"category","embeddable":true,"href":"https:\/\/blocsenresidencia.bcn.cat\/20242025\/wp-json\/wp\/v2\/categories?post=1732"},{"taxonomy":"post_tag","embeddable":true,"href":"https:\/\/blocsenresidencia.bcn.cat\/20242025\/wp-json\/wp\/v2\/tags?post=1732"}],"curies":[{"name":"wp","href":"https:\/\/api.w.org\/{rel}","templated":true}]}}