{"id":1738,"date":"2025-05-12T21:10:01","date_gmt":"2025-05-12T19:10:01","guid":{"rendered":"https:\/\/blocsenresidencia.bcn.cat\/20242025\/2025\/05\/12\/sessio-oberta-5-de-marc-de-2025\/"},"modified":"2025-05-12T21:10:01","modified_gmt":"2025-05-12T19:10:01","slug":"sessio-oberta-5-de-marc-de-2025","status":"publish","type":"post","link":"https:\/\/blocsenresidencia.bcn.cat\/20242025\/2025\/05\/12\/sessio-oberta-5-de-marc-de-2025\/","title":{"rendered":"Sessi\u00f3 Oberta 5 de mar\u00e7 de 2025"},"content":{"rendered":"<p>Des de <a href=\"https:\/\/blocsenresidencia.bcn.cat\/antaviana2025\/sessio-oberta-5-de-marc-de-2025\/\">Cia Aina Lanas EN RESiD\u00c8NCiA a l\u2019Institut Escola Antaviana<\/a><\/p>\n<div>Aquell dia v\u00e0rem fer un assaig fora de l\u2019hora d\u2019En Resid\u00e8ncia, perqu\u00e8 a continuaci\u00f3 far\u00edem una Sessi\u00f3 Oberta on van venir tots els mestres i professors del claustre de l\u2019Antaviana. Vam comen\u00e7ar l\u2019assaig a les 12:10 per tenir temps per a assajar abans de la Sessi\u00f3 Oberta. El primer que v\u00e0rem fer va ser posar \u2026 <\/p>\n<p class=\"link-more\"><a href=\"https:\/\/blocsenresidencia.bcn.cat\/antaviana2025\/sessio-oberta-5-de-marc-de-2025\/\" class=\"more-link\">Continua llegint <span class=\"screen-reader-text\">\u00abSessi\u00f3 Oberta 5 de mar\u00e7 de 2025\u00bb<\/span><\/a><\/p>\n<\/div>\n","protected":false},"excerpt":{"rendered":"<p>Des de Cia Aina Lanas EN RESiD\u00c8NCiA a l\u2019Institut Escola Antaviana Aquell dia v\u00e0rem fer un assaig fora de l\u2019hora d\u2019En Resid\u00e8ncia, perqu\u00e8 a continuaci\u00f3 far\u00edem una Sessi\u00f3 Oberta on van venir tots els mestres i professors del claustre de l\u2019Antaviana. Vam comen\u00e7ar l\u2019assaig a les 12:10 per tenir temps per a assajar abans de &hellip; <\/p>\n<p class=\"link-more\"><a href=\"https:\/\/blocsenresidencia.bcn.cat\/20242025\/2025\/05\/12\/sessio-oberta-5-de-marc-de-2025\/\" class=\"more-link\">Continua llegint <span class=\"screen-reader-text\">\u00abSessi\u00f3 Oberta 5 de mar\u00e7 de 2025\u00bb<\/span><\/a><\/p>\n","protected":false},"author":5,"featured_media":0,"comment_status":"closed","ping_status":"closed","sticky":false,"template":"","format":"standard","meta":{"footnotes":""},"categories":[1],"tags":[],"class_list":["post-1738","post","type-post","status-publish","format-standard","hentry","category-general"],"_links":{"self":[{"href":"https:\/\/blocsenresidencia.bcn.cat\/20242025\/wp-json\/wp\/v2\/posts\/1738","targetHints":{"allow":["GET"]}}],"collection":[{"href":"https:\/\/blocsenresidencia.bcn.cat\/20242025\/wp-json\/wp\/v2\/posts"}],"about":[{"href":"https:\/\/blocsenresidencia.bcn.cat\/20242025\/wp-json\/wp\/v2\/types\/post"}],"author":[{"embeddable":true,"href":"https:\/\/blocsenresidencia.bcn.cat\/20242025\/wp-json\/wp\/v2\/users\/5"}],"replies":[{"embeddable":true,"href":"https:\/\/blocsenresidencia.bcn.cat\/20242025\/wp-json\/wp\/v2\/comments?post=1738"}],"version-history":[{"count":0,"href":"https:\/\/blocsenresidencia.bcn.cat\/20242025\/wp-json\/wp\/v2\/posts\/1738\/revisions"}],"wp:attachment":[{"href":"https:\/\/blocsenresidencia.bcn.cat\/20242025\/wp-json\/wp\/v2\/media?parent=1738"}],"wp:term":[{"taxonomy":"category","embeddable":true,"href":"https:\/\/blocsenresidencia.bcn.cat\/20242025\/wp-json\/wp\/v2\/categories?post=1738"},{"taxonomy":"post_tag","embeddable":true,"href":"https:\/\/blocsenresidencia.bcn.cat\/20242025\/wp-json\/wp\/v2\/tags?post=1738"}],"curies":[{"name":"wp","href":"https:\/\/api.w.org\/{rel}","templated":true}]}}