{"id":1748,"date":"2025-05-13T15:02:50","date_gmt":"2025-05-13T13:02:50","guid":{"rendered":"https:\/\/blocsenresidencia.bcn.cat\/20242025\/2025\/05\/13\/abril-preparant-el-mural-dibuixant-i-consensuant-marcs\/"},"modified":"2025-05-13T15:02:50","modified_gmt":"2025-05-13T13:02:50","slug":"abril-preparant-el-mural-dibuixant-i-consensuant-marcs","status":"publish","type":"post","link":"https:\/\/blocsenresidencia.bcn.cat\/20242025\/2025\/05\/13\/abril-preparant-el-mural-dibuixant-i-consensuant-marcs\/","title":{"rendered":"Abril: Preparant el mural \u2013 Dibuixant i consensuant marcs"},"content":{"rendered":"<p>Des de <a href=\"https:\/\/blocsenresidencia.bcn.cat\/infantaisabelarago2025\/abril-preparant-el-mural-dibuixant-i-consensuant-marcs\/\">Equal Saree EN RESiD\u00c8NCiA a l\u2019Institut Infanta Isabel d\u2019Arag\u00f3<\/a><\/p>\n<div>Aquest mes hem estat immersos en la preparaci\u00f3 del mural: hem treballat intensament en els dibuixos i en la definici\u00f3 del material necessari. Un cop acordada l\u2019estructura i les parts principals, hem dedicat dues sessions a revisar els actius i espais verds comunitaris que hi volem representar. Per assegurar una coher\u00e8ncia art\u00edstica, hem creat un \u2026 <\/p>\n<p class=\"link-more\"><a href=\"https:\/\/blocsenresidencia.bcn.cat\/infantaisabelarago2025\/abril-preparant-el-mural-dibuixant-i-consensuant-marcs\/\" class=\"more-link\">Continua llegint <span class=\"screen-reader-text\">\u00abAbril: Preparant el mural \u2013 Dibuixant i consensuant marcs\u00bb<\/span><\/a><\/p>\n<\/div>\n","protected":false},"excerpt":{"rendered":"<p>Des de Equal Saree EN RESiD\u00c8NCiA a l\u2019Institut Infanta Isabel d\u2019Arag\u00f3 Aquest mes hem estat immersos en la preparaci\u00f3 del mural: hem treballat intensament en els dibuixos i en la definici\u00f3 del material necessari. Un cop acordada l\u2019estructura i les parts principals, hem dedicat dues sessions a revisar els actius i espais verds comunitaris que &hellip; <\/p>\n<p class=\"link-more\"><a href=\"https:\/\/blocsenresidencia.bcn.cat\/20242025\/2025\/05\/13\/abril-preparant-el-mural-dibuixant-i-consensuant-marcs\/\" class=\"more-link\">Continua llegint <span class=\"screen-reader-text\">\u00abAbril: Preparant el mural \u2013 Dibuixant i consensuant marcs\u00bb<\/span><\/a><\/p>\n","protected":false},"author":5,"featured_media":0,"comment_status":"closed","ping_status":"closed","sticky":false,"template":"","format":"standard","meta":{"footnotes":""},"categories":[1],"tags":[],"class_list":["post-1748","post","type-post","status-publish","format-standard","hentry","category-general"],"_links":{"self":[{"href":"https:\/\/blocsenresidencia.bcn.cat\/20242025\/wp-json\/wp\/v2\/posts\/1748","targetHints":{"allow":["GET"]}}],"collection":[{"href":"https:\/\/blocsenresidencia.bcn.cat\/20242025\/wp-json\/wp\/v2\/posts"}],"about":[{"href":"https:\/\/blocsenresidencia.bcn.cat\/20242025\/wp-json\/wp\/v2\/types\/post"}],"author":[{"embeddable":true,"href":"https:\/\/blocsenresidencia.bcn.cat\/20242025\/wp-json\/wp\/v2\/users\/5"}],"replies":[{"embeddable":true,"href":"https:\/\/blocsenresidencia.bcn.cat\/20242025\/wp-json\/wp\/v2\/comments?post=1748"}],"version-history":[{"count":0,"href":"https:\/\/blocsenresidencia.bcn.cat\/20242025\/wp-json\/wp\/v2\/posts\/1748\/revisions"}],"wp:attachment":[{"href":"https:\/\/blocsenresidencia.bcn.cat\/20242025\/wp-json\/wp\/v2\/media?parent=1748"}],"wp:term":[{"taxonomy":"category","embeddable":true,"href":"https:\/\/blocsenresidencia.bcn.cat\/20242025\/wp-json\/wp\/v2\/categories?post=1748"},{"taxonomy":"post_tag","embeddable":true,"href":"https:\/\/blocsenresidencia.bcn.cat\/20242025\/wp-json\/wp\/v2\/tags?post=1748"}],"curies":[{"name":"wp","href":"https:\/\/api.w.org\/{rel}","templated":true}]}}