{"id":1749,"date":"2025-05-13T15:02:50","date_gmt":"2025-05-13T13:02:50","guid":{"rendered":"https:\/\/blocsenresidencia.bcn.cat\/20242025\/2025\/05\/13\/habitat-habitat-inauguracio-mural-l11-juny-17-h\/"},"modified":"2025-05-13T15:02:50","modified_gmt":"2025-05-13T13:02:50","slug":"habitat-habitat-inauguracio-mural-l11-juny-17-h","status":"publish","type":"post","link":"https:\/\/blocsenresidencia.bcn.cat\/20242025\/2025\/05\/13\/habitat-habitat-inauguracio-mural-l11-juny-17-h\/","title":{"rendered":"H\u00e0bitat habitat. Inauguraci\u00f3 mural l\u201911 juny 17\u202fh !!!"},"content":{"rendered":"<p>Des de <a href=\"https:\/\/blocsenresidencia.bcn.cat\/infantaisabelarago2025\/habitat-habitat-innuguracino-mural-el-11-juny-17h\/\">Equal Saree EN RESiD\u00c8NCiA a l\u2019Institut Infanta Isabel d\u2019Arag\u00f3<\/a><\/p>\n<div>Us convidem a la inauguraci\u00f3 d\u2019H\u00e0bitat habitat equal.saree EN RESiD\u00c8NCiA a l\u2019Institut Infanta Isabel d\u2019Arag\u00f3. Ser\u00e0 el dimecres 11 de juny a les 17\u202fh a l\u2019hortet del Centre C\u00edvic Sant Mart\u00ed El proc\u00e9s de recerca i cocreaci\u00f3 art\u00edstica ha donat com a fruit un mural col\u00b7lectiu desenvolupat pel grup de joves incorporant la mirada de \u2026 <\/p>\n<p class=\"link-more\"><a href=\"https:\/\/blocsenresidencia.bcn.cat\/infantaisabelarago2025\/habitat-habitat-innuguracino-mural-el-11-juny-17h\/\" class=\"more-link\">Continua llegint <span class=\"screen-reader-text\">\u00abH\u00e0bitat habitat. Inauguraci\u00f3 mural l\u201911 juny 17\u202fh !!!\u00bb<\/span><\/a><\/p>\n<\/div>\n","protected":false},"excerpt":{"rendered":"<p>Des de Equal Saree EN RESiD\u00c8NCiA a l\u2019Institut Infanta Isabel d\u2019Arag\u00f3 Us convidem a la inauguraci\u00f3 d\u2019H\u00e0bitat habitat equal.saree EN RESiD\u00c8NCiA a l\u2019Institut Infanta Isabel d\u2019Arag\u00f3. Ser\u00e0 el dimecres 11 de juny a les 17\u202fh a l\u2019hortet del Centre C\u00edvic Sant Mart\u00ed El proc\u00e9s de recerca i cocreaci\u00f3 art\u00edstica ha donat com a fruit un &hellip; <\/p>\n<p class=\"link-more\"><a href=\"https:\/\/blocsenresidencia.bcn.cat\/20242025\/2025\/05\/13\/habitat-habitat-inauguracio-mural-l11-juny-17-h\/\" class=\"more-link\">Continua llegint <span class=\"screen-reader-text\">\u00abH\u00e0bitat habitat. Inauguraci\u00f3 mural l\u201911 juny 17\u202fh !!!\u00bb<\/span><\/a><\/p>\n","protected":false},"author":5,"featured_media":0,"comment_status":"closed","ping_status":"closed","sticky":false,"template":"","format":"standard","meta":{"footnotes":""},"categories":[1],"tags":[],"class_list":["post-1749","post","type-post","status-publish","format-standard","hentry","category-general"],"_links":{"self":[{"href":"https:\/\/blocsenresidencia.bcn.cat\/20242025\/wp-json\/wp\/v2\/posts\/1749","targetHints":{"allow":["GET"]}}],"collection":[{"href":"https:\/\/blocsenresidencia.bcn.cat\/20242025\/wp-json\/wp\/v2\/posts"}],"about":[{"href":"https:\/\/blocsenresidencia.bcn.cat\/20242025\/wp-json\/wp\/v2\/types\/post"}],"author":[{"embeddable":true,"href":"https:\/\/blocsenresidencia.bcn.cat\/20242025\/wp-json\/wp\/v2\/users\/5"}],"replies":[{"embeddable":true,"href":"https:\/\/blocsenresidencia.bcn.cat\/20242025\/wp-json\/wp\/v2\/comments?post=1749"}],"version-history":[{"count":0,"href":"https:\/\/blocsenresidencia.bcn.cat\/20242025\/wp-json\/wp\/v2\/posts\/1749\/revisions"}],"wp:attachment":[{"href":"https:\/\/blocsenresidencia.bcn.cat\/20242025\/wp-json\/wp\/v2\/media?parent=1749"}],"wp:term":[{"taxonomy":"category","embeddable":true,"href":"https:\/\/blocsenresidencia.bcn.cat\/20242025\/wp-json\/wp\/v2\/categories?post=1749"},{"taxonomy":"post_tag","embeddable":true,"href":"https:\/\/blocsenresidencia.bcn.cat\/20242025\/wp-json\/wp\/v2\/tags?post=1749"}],"curies":[{"name":"wp","href":"https:\/\/api.w.org\/{rel}","templated":true}]}}