{"id":1754,"date":"2025-05-27T18:13:04","date_gmt":"2025-05-27T16:13:04","guid":{"rendered":"https:\/\/blocsenresidencia.bcn.cat\/20242025\/2025\/05\/27\/un-cor-de-gestos\/"},"modified":"2025-05-27T18:13:04","modified_gmt":"2025-05-27T16:13:04","slug":"un-cor-de-gestos","status":"publish","type":"post","link":"https:\/\/blocsenresidencia.bcn.cat\/20242025\/2025\/05\/27\/un-cor-de-gestos\/","title":{"rendered":"UN COR DE GESTOS"},"content":{"rendered":"<p>Des de <a href=\"https:\/\/blocsenresidencia.bcn.cat\/bastida2025\/un-cor-de-gestos\/\">Toni Mira EN RESiD\u00c8NCiA a l\u2019Institut La Bastida<\/a><\/p>\n<div>El passat 15 de maig, l\u2019alumnat de 3r d\u2019ESO que participa al projecte En Resid\u00e8ncia va presentar la pe\u00e7a Un cor de gestos, una performance coreogr\u00e0fica creada conjuntament amb el core\u00f2graf Toni Mira. L\u2019espai escollit van ser els Jardins de l\u2019Auditori Can Roig i Torres de Santa Coloma de Gramenet, i per a molts va \u2026 <\/p>\n<p class=\"link-more\"><a href=\"https:\/\/blocsenresidencia.bcn.cat\/bastida2025\/un-cor-de-gestos\/\" class=\"more-link\">Continua llegint <span class=\"screen-reader-text\">\u00abUN COR DE GESTOS\u00bb<\/span><\/a><\/p>\n<\/div>\n","protected":false},"excerpt":{"rendered":"<p>Des de Toni Mira EN RESiD\u00c8NCiA a l\u2019Institut La Bastida El passat 15 de maig, l\u2019alumnat de 3r d\u2019ESO que participa al projecte En Resid\u00e8ncia va presentar la pe\u00e7a Un cor de gestos, una performance coreogr\u00e0fica creada conjuntament amb el core\u00f2graf Toni Mira. L\u2019espai escollit van ser els Jardins de l\u2019Auditori Can Roig i Torres &hellip; <\/p>\n<p class=\"link-more\"><a href=\"https:\/\/blocsenresidencia.bcn.cat\/20242025\/2025\/05\/27\/un-cor-de-gestos\/\" class=\"more-link\">Continua llegint <span class=\"screen-reader-text\">\u00abUN COR DE GESTOS\u00bb<\/span><\/a><\/p>\n","protected":false},"author":5,"featured_media":0,"comment_status":"closed","ping_status":"closed","sticky":false,"template":"","format":"standard","meta":{"footnotes":""},"categories":[1],"tags":[],"class_list":["post-1754","post","type-post","status-publish","format-standard","hentry","category-general"],"_links":{"self":[{"href":"https:\/\/blocsenresidencia.bcn.cat\/20242025\/wp-json\/wp\/v2\/posts\/1754","targetHints":{"allow":["GET"]}}],"collection":[{"href":"https:\/\/blocsenresidencia.bcn.cat\/20242025\/wp-json\/wp\/v2\/posts"}],"about":[{"href":"https:\/\/blocsenresidencia.bcn.cat\/20242025\/wp-json\/wp\/v2\/types\/post"}],"author":[{"embeddable":true,"href":"https:\/\/blocsenresidencia.bcn.cat\/20242025\/wp-json\/wp\/v2\/users\/5"}],"replies":[{"embeddable":true,"href":"https:\/\/blocsenresidencia.bcn.cat\/20242025\/wp-json\/wp\/v2\/comments?post=1754"}],"version-history":[{"count":0,"href":"https:\/\/blocsenresidencia.bcn.cat\/20242025\/wp-json\/wp\/v2\/posts\/1754\/revisions"}],"wp:attachment":[{"href":"https:\/\/blocsenresidencia.bcn.cat\/20242025\/wp-json\/wp\/v2\/media?parent=1754"}],"wp:term":[{"taxonomy":"category","embeddable":true,"href":"https:\/\/blocsenresidencia.bcn.cat\/20242025\/wp-json\/wp\/v2\/categories?post=1754"},{"taxonomy":"post_tag","embeddable":true,"href":"https:\/\/blocsenresidencia.bcn.cat\/20242025\/wp-json\/wp\/v2\/tags?post=1754"}],"curies":[{"name":"wp","href":"https:\/\/api.w.org\/{rel}","templated":true}]}}