{"id":1760,"date":"2025-06-03T12:05:17","date_gmt":"2025-06-03T10:05:17","guid":{"rendered":"https:\/\/blocsenresidencia.bcn.cat\/20242025\/2025\/06\/03\/arriba-el-gran-dia-la-presentacio-final-del-projecte\/"},"modified":"2025-06-03T12:05:17","modified_gmt":"2025-06-03T10:05:17","slug":"arriba-el-gran-dia-la-presentacio-final-del-projecte","status":"publish","type":"post","link":"https:\/\/blocsenresidencia.bcn.cat\/20242025\/2025\/06\/03\/arriba-el-gran-dia-la-presentacio-final-del-projecte\/","title":{"rendered":"Arriba el gran dia: la presentaci\u00f3 final del projecte!"},"content":{"rendered":"<p>Des de <a href=\"https:\/\/blocsenresidencia.bcn.cat\/pauclaris2025\/arriba-el-gran-dia-la-presentacio-final-del-projecte\/\">Laia Noal EN RESiD\u00c8NCiA a l\u2019Institut Pau Claris<\/a><\/p>\n<div>Qu\u00e8 tenim en com\u00fa amb els \u00e9ssers vegetals? \u00c9s possible arribar aempatitzar-hi? Qu\u00e8 compartim nosaltres, els alumnes 4t d\u2019ESO del\u2019Institut Pau Claris, amb les plantes de l\u2019Hivernacle del Parc de la Ciutadella?Aquestes s\u00f3n algunes de les preguntes que ens hem fet amb la Laia Noal aquest curs. Des de l\u2019inici del curs, la Laia Noal \u2026 <\/p>\n<p class=\"link-more\"><a href=\"https:\/\/blocsenresidencia.bcn.cat\/pauclaris2025\/arriba-el-gran-dia-la-presentacio-final-del-projecte\/\" class=\"more-link\">Continua llegint <span class=\"screen-reader-text\">\u00abArriba el gran dia: la presentaci\u00f3 final del projecte!\u00bb<\/span><\/a><\/p>\n<\/div>\n","protected":false},"excerpt":{"rendered":"<p>Des de Laia Noal EN RESiD\u00c8NCiA a l\u2019Institut Pau Claris Qu\u00e8 tenim en com\u00fa amb els \u00e9ssers vegetals? \u00c9s possible arribar aempatitzar-hi? Qu\u00e8 compartim nosaltres, els alumnes 4t d\u2019ESO del\u2019Institut Pau Claris, amb les plantes de l\u2019Hivernacle del Parc de la Ciutadella?Aquestes s\u00f3n algunes de les preguntes que ens hem fet amb la Laia Noal &hellip; <\/p>\n<p class=\"link-more\"><a href=\"https:\/\/blocsenresidencia.bcn.cat\/20242025\/2025\/06\/03\/arriba-el-gran-dia-la-presentacio-final-del-projecte\/\" class=\"more-link\">Continua llegint <span class=\"screen-reader-text\">\u00abArriba el gran dia: la presentaci\u00f3 final del projecte!\u00bb<\/span><\/a><\/p>\n","protected":false},"author":5,"featured_media":0,"comment_status":"closed","ping_status":"closed","sticky":false,"template":"","format":"standard","meta":{"footnotes":""},"categories":[1],"tags":[],"class_list":["post-1760","post","type-post","status-publish","format-standard","hentry","category-general"],"_links":{"self":[{"href":"https:\/\/blocsenresidencia.bcn.cat\/20242025\/wp-json\/wp\/v2\/posts\/1760","targetHints":{"allow":["GET"]}}],"collection":[{"href":"https:\/\/blocsenresidencia.bcn.cat\/20242025\/wp-json\/wp\/v2\/posts"}],"about":[{"href":"https:\/\/blocsenresidencia.bcn.cat\/20242025\/wp-json\/wp\/v2\/types\/post"}],"author":[{"embeddable":true,"href":"https:\/\/blocsenresidencia.bcn.cat\/20242025\/wp-json\/wp\/v2\/users\/5"}],"replies":[{"embeddable":true,"href":"https:\/\/blocsenresidencia.bcn.cat\/20242025\/wp-json\/wp\/v2\/comments?post=1760"}],"version-history":[{"count":0,"href":"https:\/\/blocsenresidencia.bcn.cat\/20242025\/wp-json\/wp\/v2\/posts\/1760\/revisions"}],"wp:attachment":[{"href":"https:\/\/blocsenresidencia.bcn.cat\/20242025\/wp-json\/wp\/v2\/media?parent=1760"}],"wp:term":[{"taxonomy":"category","embeddable":true,"href":"https:\/\/blocsenresidencia.bcn.cat\/20242025\/wp-json\/wp\/v2\/categories?post=1760"},{"taxonomy":"post_tag","embeddable":true,"href":"https:\/\/blocsenresidencia.bcn.cat\/20242025\/wp-json\/wp\/v2\/tags?post=1760"}],"curies":[{"name":"wp","href":"https:\/\/api.w.org\/{rel}","templated":true}]}}