{"id":1765,"date":"2025-06-12T12:04:42","date_gmt":"2025-06-12T10:04:42","guid":{"rendered":"https:\/\/blocsenresidencia.bcn.cat\/20242025\/2025\/06\/12\/inauguracio-tot-vibra\/"},"modified":"2025-06-12T12:04:42","modified_gmt":"2025-06-12T10:04:42","slug":"inauguracio-tot-vibra","status":"publish","type":"post","link":"https:\/\/blocsenresidencia.bcn.cat\/20242025\/2025\/06\/12\/inauguracio-tot-vibra\/","title":{"rendered":"INAUGURACI\u00d3 TOT VIBRA"},"content":{"rendered":"<p>Des de <a href=\"https:\/\/blocsenresidencia.bcn.cat\/sedeta2025\/inauguracio-tot-vibra\/\">Ivonne Villamil EN RESiD\u00c8NCiA a l\u2019Institut La Sedeta<\/a><\/p>\n<div>El 5 de maig del 2025 vam inaugurar el nostre projecte Tot vibra, despr\u00e9s de molts mesos de feina, proves, dubtes i descobriments. Durant tot el curs hem estat explorant el so d\u2019una manera diferent. Hem apr\u00e8s que escoltar no \u00e9s nom\u00e9s sentir sons, sin\u00f3 parar atenci\u00f3, estar presents, i fins i tot deixar-nos emocionar \u2026 <\/p>\n<p class=\"link-more\"><a href=\"https:\/\/blocsenresidencia.bcn.cat\/sedeta2025\/inauguracio-tot-vibra\/\" class=\"more-link\">Continua llegint <span class=\"screen-reader-text\">\u00abINAUGURACI\u00d3 TOT VIBRA\u00bb<\/span><\/a><\/p>\n<\/div>\n","protected":false},"excerpt":{"rendered":"<p>Des de Ivonne Villamil EN RESiD\u00c8NCiA a l\u2019Institut La Sedeta El 5 de maig del 2025 vam inaugurar el nostre projecte Tot vibra, despr\u00e9s de molts mesos de feina, proves, dubtes i descobriments. Durant tot el curs hem estat explorant el so d\u2019una manera diferent. Hem apr\u00e8s que escoltar no \u00e9s nom\u00e9s sentir sons, sin\u00f3 &hellip; <\/p>\n<p class=\"link-more\"><a href=\"https:\/\/blocsenresidencia.bcn.cat\/20242025\/2025\/06\/12\/inauguracio-tot-vibra\/\" class=\"more-link\">Continua llegint <span class=\"screen-reader-text\">\u00abINAUGURACI\u00d3 TOT VIBRA\u00bb<\/span><\/a><\/p>\n","protected":false},"author":5,"featured_media":0,"comment_status":"closed","ping_status":"closed","sticky":false,"template":"","format":"standard","meta":{"footnotes":""},"categories":[1],"tags":[],"class_list":["post-1765","post","type-post","status-publish","format-standard","hentry","category-general"],"_links":{"self":[{"href":"https:\/\/blocsenresidencia.bcn.cat\/20242025\/wp-json\/wp\/v2\/posts\/1765","targetHints":{"allow":["GET"]}}],"collection":[{"href":"https:\/\/blocsenresidencia.bcn.cat\/20242025\/wp-json\/wp\/v2\/posts"}],"about":[{"href":"https:\/\/blocsenresidencia.bcn.cat\/20242025\/wp-json\/wp\/v2\/types\/post"}],"author":[{"embeddable":true,"href":"https:\/\/blocsenresidencia.bcn.cat\/20242025\/wp-json\/wp\/v2\/users\/5"}],"replies":[{"embeddable":true,"href":"https:\/\/blocsenresidencia.bcn.cat\/20242025\/wp-json\/wp\/v2\/comments?post=1765"}],"version-history":[{"count":0,"href":"https:\/\/blocsenresidencia.bcn.cat\/20242025\/wp-json\/wp\/v2\/posts\/1765\/revisions"}],"wp:attachment":[{"href":"https:\/\/blocsenresidencia.bcn.cat\/20242025\/wp-json\/wp\/v2\/media?parent=1765"}],"wp:term":[{"taxonomy":"category","embeddable":true,"href":"https:\/\/blocsenresidencia.bcn.cat\/20242025\/wp-json\/wp\/v2\/categories?post=1765"},{"taxonomy":"post_tag","embeddable":true,"href":"https:\/\/blocsenresidencia.bcn.cat\/20242025\/wp-json\/wp\/v2\/tags?post=1765"}],"curies":[{"name":"wp","href":"https:\/\/api.w.org\/{rel}","templated":true}]}}