{"id":1766,"date":"2025-06-12T12:04:42","date_gmt":"2025-06-12T10:04:42","guid":{"rendered":"https:\/\/blocsenresidencia.bcn.cat\/20242025\/2025\/06\/12\/segona-presentacio-tot-vibra\/"},"modified":"2025-06-12T12:04:42","modified_gmt":"2025-06-12T10:04:42","slug":"segona-presentacio-tot-vibra","status":"publish","type":"post","link":"https:\/\/blocsenresidencia.bcn.cat\/20242025\/2025\/06\/12\/segona-presentacio-tot-vibra\/","title":{"rendered":"Segona presentaci\u00f3 TOT VIBRA"},"content":{"rendered":"<p>Des de <a href=\"https:\/\/blocsenresidencia.bcn.cat\/sedeta2025\/segona-presentacio-tot-vibra\/\">Ivonne Villamil EN RESiD\u00c8NCiA a l\u2019Institut La Sedeta<\/a><\/p>\n<div>El dimecres 7 de maig vam presentar per segona vegada la nostra obra \u201cTot Vibra\u201d juntament amb l\u2019Ivonne Villamil. En aquesta segona presentaci\u00f3 van assistir-hi diferents membres del projecte \u2018Artistes En Resid\u00e8ncia\u2019. En primer lloc, vam introduir el projecte a tothom que hi havia present, perqu\u00e8 sabessin una mica m\u00e9s sobre quina \u00e9s la nostra \u2026 <\/p>\n<p class=\"link-more\"><a href=\"https:\/\/blocsenresidencia.bcn.cat\/sedeta2025\/segona-presentacio-tot-vibra\/\" class=\"more-link\">Continua llegint <span class=\"screen-reader-text\">\u00abSegona presentaci\u00f3 TOT VIBRA\u00bb<\/span><\/a><\/p>\n<\/div>\n","protected":false},"excerpt":{"rendered":"<p>Des de Ivonne Villamil EN RESiD\u00c8NCiA a l\u2019Institut La Sedeta El dimecres 7 de maig vam presentar per segona vegada la nostra obra \u201cTot Vibra\u201d juntament amb l\u2019Ivonne Villamil. En aquesta segona presentaci\u00f3 van assistir-hi diferents membres del projecte \u2018Artistes En Resid\u00e8ncia\u2019. En primer lloc, vam introduir el projecte a tothom que hi havia present, &hellip; <\/p>\n<p class=\"link-more\"><a href=\"https:\/\/blocsenresidencia.bcn.cat\/20242025\/2025\/06\/12\/segona-presentacio-tot-vibra\/\" class=\"more-link\">Continua llegint <span class=\"screen-reader-text\">\u00abSegona presentaci\u00f3 TOT VIBRA\u00bb<\/span><\/a><\/p>\n","protected":false},"author":5,"featured_media":0,"comment_status":"closed","ping_status":"closed","sticky":false,"template":"","format":"standard","meta":{"footnotes":""},"categories":[1],"tags":[],"class_list":["post-1766","post","type-post","status-publish","format-standard","hentry","category-general"],"_links":{"self":[{"href":"https:\/\/blocsenresidencia.bcn.cat\/20242025\/wp-json\/wp\/v2\/posts\/1766","targetHints":{"allow":["GET"]}}],"collection":[{"href":"https:\/\/blocsenresidencia.bcn.cat\/20242025\/wp-json\/wp\/v2\/posts"}],"about":[{"href":"https:\/\/blocsenresidencia.bcn.cat\/20242025\/wp-json\/wp\/v2\/types\/post"}],"author":[{"embeddable":true,"href":"https:\/\/blocsenresidencia.bcn.cat\/20242025\/wp-json\/wp\/v2\/users\/5"}],"replies":[{"embeddable":true,"href":"https:\/\/blocsenresidencia.bcn.cat\/20242025\/wp-json\/wp\/v2\/comments?post=1766"}],"version-history":[{"count":0,"href":"https:\/\/blocsenresidencia.bcn.cat\/20242025\/wp-json\/wp\/v2\/posts\/1766\/revisions"}],"wp:attachment":[{"href":"https:\/\/blocsenresidencia.bcn.cat\/20242025\/wp-json\/wp\/v2\/media?parent=1766"}],"wp:term":[{"taxonomy":"category","embeddable":true,"href":"https:\/\/blocsenresidencia.bcn.cat\/20242025\/wp-json\/wp\/v2\/categories?post=1766"},{"taxonomy":"post_tag","embeddable":true,"href":"https:\/\/blocsenresidencia.bcn.cat\/20242025\/wp-json\/wp\/v2\/tags?post=1766"}],"curies":[{"name":"wp","href":"https:\/\/api.w.org\/{rel}","templated":true}]}}