{"id":1767,"date":"2025-06-16T12:04:03","date_gmt":"2025-06-16T10:04:03","guid":{"rendered":"https:\/\/blocsenresidencia.bcn.cat\/20242025\/2025\/06\/16\/maig-juny-mural-pluges-sol-i-pintura-al-pati\/"},"modified":"2025-06-16T12:04:03","modified_gmt":"2025-06-16T10:04:03","slug":"maig-juny-mural-pluges-sol-i-pintura-al-pati","status":"publish","type":"post","link":"https:\/\/blocsenresidencia.bcn.cat\/20242025\/2025\/06\/16\/maig-juny-mural-pluges-sol-i-pintura-al-pati\/","title":{"rendered":"Maig\/ juny: mural, pluges, sol i pintura al pati"},"content":{"rendered":"<p>Des de <a href=\"https:\/\/blocsenresidencia.bcn.cat\/infantaisabelarago2025\/maig-juny-mural-pluges-sol-i-pintura-al-pati\/\">Equal Saree EN RESiD\u00c8NCiA a l\u2019Institut Infanta Isabel d\u2019Arag\u00f3<\/a><\/p>\n<div>Aquest mes de maig hem estat immersos en la producci\u00f3 final del mural. Vam comen\u00e7ar tra\u00e7ant, amb patrons a escala, les formes de cada element que representa els actius comunitaris i espais verds del barri. Tamb\u00e9 hem acabat de definir i treballar la paleta de colors definitiva. Un moment clau del proc\u00e9s ha estat escollir \u2026 <\/p>\n<p class=\"link-more\"><a href=\"https:\/\/blocsenresidencia.bcn.cat\/infantaisabelarago2025\/maig-juny-mural-pluges-sol-i-pintura-al-pati\/\" class=\"more-link\">Continua llegint <span class=\"screen-reader-text\">\u00abMaig\/ juny: mural, pluges, sol i pintura al pati\u00bb<\/span><\/a><\/p>\n<\/div>\n","protected":false},"excerpt":{"rendered":"<p>Des de Equal Saree EN RESiD\u00c8NCiA a l\u2019Institut Infanta Isabel d\u2019Arag\u00f3 Aquest mes de maig hem estat immersos en la producci\u00f3 final del mural. Vam comen\u00e7ar tra\u00e7ant, amb patrons a escala, les formes de cada element que representa els actius comunitaris i espais verds del barri. Tamb\u00e9 hem acabat de definir i treballar la paleta &hellip; <\/p>\n<p class=\"link-more\"><a href=\"https:\/\/blocsenresidencia.bcn.cat\/20242025\/2025\/06\/16\/maig-juny-mural-pluges-sol-i-pintura-al-pati\/\" class=\"more-link\">Continua llegint <span class=\"screen-reader-text\">\u00abMaig\/ juny: mural, pluges, sol i pintura al pati\u00bb<\/span><\/a><\/p>\n","protected":false},"author":5,"featured_media":0,"comment_status":"closed","ping_status":"closed","sticky":false,"template":"","format":"standard","meta":{"footnotes":""},"categories":[1],"tags":[],"class_list":["post-1767","post","type-post","status-publish","format-standard","hentry","category-general"],"_links":{"self":[{"href":"https:\/\/blocsenresidencia.bcn.cat\/20242025\/wp-json\/wp\/v2\/posts\/1767","targetHints":{"allow":["GET"]}}],"collection":[{"href":"https:\/\/blocsenresidencia.bcn.cat\/20242025\/wp-json\/wp\/v2\/posts"}],"about":[{"href":"https:\/\/blocsenresidencia.bcn.cat\/20242025\/wp-json\/wp\/v2\/types\/post"}],"author":[{"embeddable":true,"href":"https:\/\/blocsenresidencia.bcn.cat\/20242025\/wp-json\/wp\/v2\/users\/5"}],"replies":[{"embeddable":true,"href":"https:\/\/blocsenresidencia.bcn.cat\/20242025\/wp-json\/wp\/v2\/comments?post=1767"}],"version-history":[{"count":0,"href":"https:\/\/blocsenresidencia.bcn.cat\/20242025\/wp-json\/wp\/v2\/posts\/1767\/revisions"}],"wp:attachment":[{"href":"https:\/\/blocsenresidencia.bcn.cat\/20242025\/wp-json\/wp\/v2\/media?parent=1767"}],"wp:term":[{"taxonomy":"category","embeddable":true,"href":"https:\/\/blocsenresidencia.bcn.cat\/20242025\/wp-json\/wp\/v2\/categories?post=1767"},{"taxonomy":"post_tag","embeddable":true,"href":"https:\/\/blocsenresidencia.bcn.cat\/20242025\/wp-json\/wp\/v2\/tags?post=1767"}],"curies":[{"name":"wp","href":"https:\/\/api.w.org\/{rel}","templated":true}]}}