{"id":1768,"date":"2025-06-16T12:04:03","date_gmt":"2025-06-16T10:04:03","guid":{"rendered":"https:\/\/blocsenresidencia.bcn.cat\/20242025\/2025\/06\/16\/presentacio-11-de-juny-habitat-habitat-a-lhortet-del-centre-civic-sant-marti\/"},"modified":"2025-06-16T12:04:03","modified_gmt":"2025-06-16T10:04:03","slug":"presentacio-11-de-juny-habitat-habitat-a-lhortet-del-centre-civic-sant-marti","status":"publish","type":"post","link":"https:\/\/blocsenresidencia.bcn.cat\/20242025\/2025\/06\/16\/presentacio-11-de-juny-habitat-habitat-a-lhortet-del-centre-civic-sant-marti\/","title":{"rendered":"Presentaci\u00f3 11 de juny: H\u00e0bitat Habitat a l\u2019Hortet del Centre C\u00edvic Sant Mart\u00ed"},"content":{"rendered":"<p>Des de <a href=\"https:\/\/blocsenresidencia.bcn.cat\/infantaisabelarago2025\/presentacio-11-de-juny-habitat-habitat-a-lhortet-del-centre-civic-sant-marti\/\">Equal Saree EN RESiD\u00c8NCiA a l\u2019Institut Infanta Isabel d\u2019Arag\u00f3<\/a><\/p>\n<div>El passat dimecres 11 de juny vam inaugurar el mural H\u00e0bitat Habitat, un projecte col\u00b7lectiu que hem portat a terme durant les \u00faltimes tres setmanes amb molt d\u2019esfor\u00e7 i il\u00b7lusi\u00f3. Aquest mural no nom\u00e9s \u00e9s una obra art\u00edstica, sin\u00f3 tamb\u00e9 el reflex d\u2019un proc\u00e9s de treball en equip, de debats i de connexi\u00f3 amb l\u2019espai \u2026 <\/p>\n<p class=\"link-more\"><a href=\"https:\/\/blocsenresidencia.bcn.cat\/infantaisabelarago2025\/presentacio-11-de-juny-habitat-habitat-a-lhortet-del-centre-civic-sant-marti\/\" class=\"more-link\">Continua llegint <span class=\"screen-reader-text\">\u00abPresentaci\u00f3 11 de juny: H\u00e0bitat Habitat a l\u2019Hortet del Centre C\u00edvic Sant Mart\u00ed\u00bb<\/span><\/a><\/p>\n<\/div>\n","protected":false},"excerpt":{"rendered":"<p>Des de Equal Saree EN RESiD\u00c8NCiA a l\u2019Institut Infanta Isabel d\u2019Arag\u00f3 El passat dimecres 11 de juny vam inaugurar el mural H\u00e0bitat Habitat, un projecte col\u00b7lectiu que hem portat a terme durant les \u00faltimes tres setmanes amb molt d\u2019esfor\u00e7 i il\u00b7lusi\u00f3. Aquest mural no nom\u00e9s \u00e9s una obra art\u00edstica, sin\u00f3 tamb\u00e9 el reflex d\u2019un proc\u00e9s &hellip; <\/p>\n<p class=\"link-more\"><a href=\"https:\/\/blocsenresidencia.bcn.cat\/20242025\/2025\/06\/16\/presentacio-11-de-juny-habitat-habitat-a-lhortet-del-centre-civic-sant-marti\/\" class=\"more-link\">Continua llegint <span class=\"screen-reader-text\">\u00abPresentaci\u00f3 11 de juny: H\u00e0bitat Habitat a l\u2019Hortet del Centre C\u00edvic Sant Mart\u00ed\u00bb<\/span><\/a><\/p>\n","protected":false},"author":5,"featured_media":0,"comment_status":"closed","ping_status":"closed","sticky":false,"template":"","format":"standard","meta":{"footnotes":""},"categories":[1],"tags":[],"class_list":["post-1768","post","type-post","status-publish","format-standard","hentry","category-general"],"_links":{"self":[{"href":"https:\/\/blocsenresidencia.bcn.cat\/20242025\/wp-json\/wp\/v2\/posts\/1768","targetHints":{"allow":["GET"]}}],"collection":[{"href":"https:\/\/blocsenresidencia.bcn.cat\/20242025\/wp-json\/wp\/v2\/posts"}],"about":[{"href":"https:\/\/blocsenresidencia.bcn.cat\/20242025\/wp-json\/wp\/v2\/types\/post"}],"author":[{"embeddable":true,"href":"https:\/\/blocsenresidencia.bcn.cat\/20242025\/wp-json\/wp\/v2\/users\/5"}],"replies":[{"embeddable":true,"href":"https:\/\/blocsenresidencia.bcn.cat\/20242025\/wp-json\/wp\/v2\/comments?post=1768"}],"version-history":[{"count":0,"href":"https:\/\/blocsenresidencia.bcn.cat\/20242025\/wp-json\/wp\/v2\/posts\/1768\/revisions"}],"wp:attachment":[{"href":"https:\/\/blocsenresidencia.bcn.cat\/20242025\/wp-json\/wp\/v2\/media?parent=1768"}],"wp:term":[{"taxonomy":"category","embeddable":true,"href":"https:\/\/blocsenresidencia.bcn.cat\/20242025\/wp-json\/wp\/v2\/categories?post=1768"},{"taxonomy":"post_tag","embeddable":true,"href":"https:\/\/blocsenresidencia.bcn.cat\/20242025\/wp-json\/wp\/v2\/tags?post=1768"}],"curies":[{"name":"wp","href":"https:\/\/api.w.org\/{rel}","templated":true}]}}