{"id":1769,"date":"2025-06-16T12:04:08","date_gmt":"2025-06-16T10:04:08","guid":{"rendered":"https:\/\/blocsenresidencia.bcn.cat\/20242025\/2025\/06\/16\/no-por-bandera\/"},"modified":"2025-06-16T12:04:08","modified_gmt":"2025-06-16T10:04:08","slug":"no-por-bandera","status":"publish","type":"post","link":"https:\/\/blocsenresidencia.bcn.cat\/20242025\/2025\/06\/16\/no-por-bandera\/","title":{"rendered":"\u201cNo por bandera\u201d"},"content":{"rendered":"<p>Des de <a href=\"https:\/\/blocsenresidencia.bcn.cat\/lamina2025\/no-por-bandera\/\">Agn\u00e8s Sales i H\u00e9ctor Plaza EN RESiD\u00c8NCiA a l\u2019Institut Escola La Mina<\/a><\/p>\n<div>Hola a tothom!\u00a0 Volem compartir amb vosaltres el cam\u00ed que hem fet durant aquest curs amb el projecte en resid\u00e8ncia.\u00a0 Ha estat un cam\u00ed ple de reptes i aprenentatges, i tot i que no ha estat f\u00e0cil, estem molt orgullosos i orgulloses del que hem aconseguit. Des del principi vam treballar molt la cohesi\u00f3 de \u2026 <\/p>\n<p class=\"link-more\"><a href=\"https:\/\/blocsenresidencia.bcn.cat\/lamina2025\/no-por-bandera\/\" class=\"more-link\">Continua llegint <span class=\"screen-reader-text\">\u00ab\u201cNo por bandera\u201d\u00bb<\/span><\/a><\/p>\n<\/div>\n","protected":false},"excerpt":{"rendered":"<p>Des de Agn\u00e8s Sales i H\u00e9ctor Plaza EN RESiD\u00c8NCiA a l\u2019Institut Escola La Mina Hola a tothom!\u00a0 Volem compartir amb vosaltres el cam\u00ed que hem fet durant aquest curs amb el projecte en resid\u00e8ncia.\u00a0 Ha estat un cam\u00ed ple de reptes i aprenentatges, i tot i que no ha estat f\u00e0cil, estem molt orgullosos i &hellip; <\/p>\n<p class=\"link-more\"><a href=\"https:\/\/blocsenresidencia.bcn.cat\/20242025\/2025\/06\/16\/no-por-bandera\/\" class=\"more-link\">Continua llegint <span class=\"screen-reader-text\">\u00ab\u201cNo por bandera\u201d\u00bb<\/span><\/a><\/p>\n","protected":false},"author":5,"featured_media":0,"comment_status":"closed","ping_status":"closed","sticky":false,"template":"","format":"standard","meta":{"footnotes":""},"categories":[1],"tags":[],"class_list":["post-1769","post","type-post","status-publish","format-standard","hentry","category-general"],"_links":{"self":[{"href":"https:\/\/blocsenresidencia.bcn.cat\/20242025\/wp-json\/wp\/v2\/posts\/1769","targetHints":{"allow":["GET"]}}],"collection":[{"href":"https:\/\/blocsenresidencia.bcn.cat\/20242025\/wp-json\/wp\/v2\/posts"}],"about":[{"href":"https:\/\/blocsenresidencia.bcn.cat\/20242025\/wp-json\/wp\/v2\/types\/post"}],"author":[{"embeddable":true,"href":"https:\/\/blocsenresidencia.bcn.cat\/20242025\/wp-json\/wp\/v2\/users\/5"}],"replies":[{"embeddable":true,"href":"https:\/\/blocsenresidencia.bcn.cat\/20242025\/wp-json\/wp\/v2\/comments?post=1769"}],"version-history":[{"count":0,"href":"https:\/\/blocsenresidencia.bcn.cat\/20242025\/wp-json\/wp\/v2\/posts\/1769\/revisions"}],"wp:attachment":[{"href":"https:\/\/blocsenresidencia.bcn.cat\/20242025\/wp-json\/wp\/v2\/media?parent=1769"}],"wp:term":[{"taxonomy":"category","embeddable":true,"href":"https:\/\/blocsenresidencia.bcn.cat\/20242025\/wp-json\/wp\/v2\/categories?post=1769"},{"taxonomy":"post_tag","embeddable":true,"href":"https:\/\/blocsenresidencia.bcn.cat\/20242025\/wp-json\/wp\/v2\/tags?post=1769"}],"curies":[{"name":"wp","href":"https:\/\/api.w.org\/{rel}","templated":true}]}}