{"id":1774,"date":"2025-06-19T12:04:41","date_gmt":"2025-06-19T10:04:41","guid":{"rendered":"https:\/\/blocsenresidencia.bcn.cat\/20242025\/2025\/06\/19\/recopilacio-de-textos-entorn-dels-fenomens-atmosferics-laigua-i-el-seu-vincle-amb-les-emocions\/"},"modified":"2025-06-19T12:04:41","modified_gmt":"2025-06-19T10:04:41","slug":"recopilacio-de-textos-entorn-dels-fenomens-atmosferics-laigua-i-el-seu-vincle-amb-les-emocions","status":"publish","type":"post","link":"https:\/\/blocsenresidencia.bcn.cat\/20242025\/2025\/06\/19\/recopilacio-de-textos-entorn-dels-fenomens-atmosferics-laigua-i-el-seu-vincle-amb-les-emocions\/","title":{"rendered":"Recopilaci\u00f3 de textos entorn dels fen\u00f2mens atmosf\u00e8rics, l\u2019aigua i el seu vincle amb les emocions"},"content":{"rendered":"<p>Des de <a href=\"https:\/\/blocsenresidencia.bcn.cat\/sedeta2025\/recopilacio-de-textos-entorn-dels-fenomens-atmosferics-laigua-i-el-seu-vincle-amb-les-emocions\/\">Ivonne Villamil EN RESiD\u00c8NCiA a l\u2019Institut La Sedeta<\/a><\/p>\n<div>Recull de textos que vam llegir en directe, inspirant-nos en la lectura pr\u00f2pia de la poesia, en un dels espais que conformava la nostra instal\u00b7laci\u00f3 \u2018Tot vibra\u2019. \u00ab\u00a0L\u2019aigua i la calma habita en nosaltres. Hi ha alguna cosa de l\u2019aigua que no es pot explicar del tot, per\u00f2 l\u2019\u00e0nima ho reconeix. Una sensaci\u00f3 que no \u2026 <\/p>\n<p class=\"link-more\"><a href=\"https:\/\/blocsenresidencia.bcn.cat\/sedeta2025\/recopilacio-de-textos-entorn-dels-fenomens-atmosferics-laigua-i-el-seu-vincle-amb-les-emocions\/\" class=\"more-link\">Continua llegint <span class=\"screen-reader-text\">\u00abRecopilaci\u00f3 de textos entorn dels fen\u00f2mens atmosf\u00e8rics, l\u2019aigua i el seu vincle amb les emocions\u00bb<\/span><\/a><\/p>\n<\/div>\n","protected":false},"excerpt":{"rendered":"<p>Des de Ivonne Villamil EN RESiD\u00c8NCiA a l\u2019Institut La Sedeta Recull de textos que vam llegir en directe, inspirant-nos en la lectura pr\u00f2pia de la poesia, en un dels espais que conformava la nostra instal\u00b7laci\u00f3 \u2018Tot vibra\u2019. \u00ab\u00a0L\u2019aigua i la calma habita en nosaltres. Hi ha alguna cosa de l\u2019aigua que no es pot explicar &hellip; <\/p>\n<p class=\"link-more\"><a href=\"https:\/\/blocsenresidencia.bcn.cat\/20242025\/2025\/06\/19\/recopilacio-de-textos-entorn-dels-fenomens-atmosferics-laigua-i-el-seu-vincle-amb-les-emocions\/\" class=\"more-link\">Continua llegint <span class=\"screen-reader-text\">\u00abRecopilaci\u00f3 de textos entorn dels fen\u00f2mens atmosf\u00e8rics, l\u2019aigua i el seu vincle amb les emocions\u00bb<\/span><\/a><\/p>\n","protected":false},"author":5,"featured_media":0,"comment_status":"closed","ping_status":"closed","sticky":false,"template":"","format":"standard","meta":{"footnotes":""},"categories":[1],"tags":[],"class_list":["post-1774","post","type-post","status-publish","format-standard","hentry","category-general"],"_links":{"self":[{"href":"https:\/\/blocsenresidencia.bcn.cat\/20242025\/wp-json\/wp\/v2\/posts\/1774","targetHints":{"allow":["GET"]}}],"collection":[{"href":"https:\/\/blocsenresidencia.bcn.cat\/20242025\/wp-json\/wp\/v2\/posts"}],"about":[{"href":"https:\/\/blocsenresidencia.bcn.cat\/20242025\/wp-json\/wp\/v2\/types\/post"}],"author":[{"embeddable":true,"href":"https:\/\/blocsenresidencia.bcn.cat\/20242025\/wp-json\/wp\/v2\/users\/5"}],"replies":[{"embeddable":true,"href":"https:\/\/blocsenresidencia.bcn.cat\/20242025\/wp-json\/wp\/v2\/comments?post=1774"}],"version-history":[{"count":0,"href":"https:\/\/blocsenresidencia.bcn.cat\/20242025\/wp-json\/wp\/v2\/posts\/1774\/revisions"}],"wp:attachment":[{"href":"https:\/\/blocsenresidencia.bcn.cat\/20242025\/wp-json\/wp\/v2\/media?parent=1774"}],"wp:term":[{"taxonomy":"category","embeddable":true,"href":"https:\/\/blocsenresidencia.bcn.cat\/20242025\/wp-json\/wp\/v2\/categories?post=1774"},{"taxonomy":"post_tag","embeddable":true,"href":"https:\/\/blocsenresidencia.bcn.cat\/20242025\/wp-json\/wp\/v2\/tags?post=1774"}],"curies":[{"name":"wp","href":"https:\/\/api.w.org\/{rel}","templated":true}]}}