{"id":1775,"date":"2025-06-19T12:04:47","date_gmt":"2025-06-19T10:04:47","guid":{"rendered":"https:\/\/blocsenresidencia.bcn.cat\/20242025\/2025\/06\/19\/una-filmacio-que-recull-les-nostres-veus\/"},"modified":"2025-06-19T12:04:47","modified_gmt":"2025-06-19T10:04:47","slug":"una-filmacio-que-recull-les-nostres-veus","status":"publish","type":"post","link":"https:\/\/blocsenresidencia.bcn.cat\/20242025\/2025\/06\/19\/una-filmacio-que-recull-les-nostres-veus\/","title":{"rendered":"Una filmaci\u00f3 que recull les nostres veus"},"content":{"rendered":"<p>Des de <a href=\"https:\/\/blocsenresidencia.bcn.cat\/trinitatnova2025\/una-filmacio-que-recull-les-nostres-veus\/\">Pep Vidal EN RESiD\u00c8NCiA a l\u2019Institut Escola Trinitat Nova<\/a><\/p>\n<div>La presentaci\u00f3 va incloure la projecci\u00f3 d\u2019una pe\u00e7a audiovisual. Posem veu a les dist\u00e0ncies, els recorreguts, les maneres de comunicar-nos, els trajectes que fem di\u00e0riament i a les nostres visdes\u2026 Pensem en les nostres cases d\u2019all\u00e0 i tamb\u00e9 en les d\u2019aqu\u00ed. Les connectem tamb\u00e9 amb aquesta pe\u00e7a que volem compartir tamb\u00e9 en aquest bloc!<\/div>\n","protected":false},"excerpt":{"rendered":"<p>Des de Pep Vidal EN RESiD\u00c8NCiA a l\u2019Institut Escola Trinitat Nova La presentaci\u00f3 va incloure la projecci\u00f3 d\u2019una pe\u00e7a audiovisual. Posem veu a les dist\u00e0ncies, els recorreguts, les maneres de comunicar-nos, els trajectes que fem di\u00e0riament i a les nostres visdes\u2026 Pensem en les nostres cases d\u2019all\u00e0 i tamb\u00e9 en les d\u2019aqu\u00ed. Les connectem tamb\u00e9 &hellip; <\/p>\n<p class=\"link-more\"><a href=\"https:\/\/blocsenresidencia.bcn.cat\/20242025\/2025\/06\/19\/una-filmacio-que-recull-les-nostres-veus\/\" class=\"more-link\">Continua llegint <span class=\"screen-reader-text\">\u00abUna filmaci\u00f3 que recull les nostres veus\u00bb<\/span><\/a><\/p>\n","protected":false},"author":5,"featured_media":0,"comment_status":"closed","ping_status":"closed","sticky":false,"template":"","format":"standard","meta":{"footnotes":""},"categories":[1],"tags":[],"class_list":["post-1775","post","type-post","status-publish","format-standard","hentry","category-general"],"_links":{"self":[{"href":"https:\/\/blocsenresidencia.bcn.cat\/20242025\/wp-json\/wp\/v2\/posts\/1775","targetHints":{"allow":["GET"]}}],"collection":[{"href":"https:\/\/blocsenresidencia.bcn.cat\/20242025\/wp-json\/wp\/v2\/posts"}],"about":[{"href":"https:\/\/blocsenresidencia.bcn.cat\/20242025\/wp-json\/wp\/v2\/types\/post"}],"author":[{"embeddable":true,"href":"https:\/\/blocsenresidencia.bcn.cat\/20242025\/wp-json\/wp\/v2\/users\/5"}],"replies":[{"embeddable":true,"href":"https:\/\/blocsenresidencia.bcn.cat\/20242025\/wp-json\/wp\/v2\/comments?post=1775"}],"version-history":[{"count":0,"href":"https:\/\/blocsenresidencia.bcn.cat\/20242025\/wp-json\/wp\/v2\/posts\/1775\/revisions"}],"wp:attachment":[{"href":"https:\/\/blocsenresidencia.bcn.cat\/20242025\/wp-json\/wp\/v2\/media?parent=1775"}],"wp:term":[{"taxonomy":"category","embeddable":true,"href":"https:\/\/blocsenresidencia.bcn.cat\/20242025\/wp-json\/wp\/v2\/categories?post=1775"},{"taxonomy":"post_tag","embeddable":true,"href":"https:\/\/blocsenresidencia.bcn.cat\/20242025\/wp-json\/wp\/v2\/tags?post=1775"}],"curies":[{"name":"wp","href":"https:\/\/api.w.org\/{rel}","templated":true}]}}