{"id":1779,"date":"2025-06-25T03:03:32","date_gmt":"2025-06-25T01:03:32","guid":{"rendered":"https:\/\/blocsenresidencia.bcn.cat\/20242025\/2025\/06\/25\/preparant-la-nostra-mostra-final\/"},"modified":"2025-06-25T03:03:32","modified_gmt":"2025-06-25T01:03:32","slug":"preparant-la-nostra-mostra-final","status":"publish","type":"post","link":"https:\/\/blocsenresidencia.bcn.cat\/20242025\/2025\/06\/25\/preparant-la-nostra-mostra-final\/","title":{"rendered":"Preparant la nostra mostra final"},"content":{"rendered":"<p>Des de <a href=\"https:\/\/blocsenresidencia.bcn.cat\/vazquezmontalban2025\/preparant-la-nostra-mostra-final\/\">Joan Negrescolor EN RESiD\u00c8NCiA a l\u2019Institut  V\u00e1zquez Montalb\u00e1n<\/a><\/p>\n<div>Despr\u00e9s d\u2019haver experimentat amb diferents t\u00e8cniques i textures ens identifiquem, com a grup, en l\u2019activitat del negatiu\/positiu dels primers mesos\u2026 El Joan ens mostra una manera d\u2019expressar-nos a partir dels s\u00edmbols que nosaltres hem anat creant i hem anat veient, i sabem que poden ser universals, \u00e9s a dir, entesos per tothom i interpretats per \u2026 <\/p>\n<p class=\"link-more\"><a href=\"https:\/\/blocsenresidencia.bcn.cat\/vazquezmontalban2025\/preparant-la-nostra-mostra-final\/\" class=\"more-link\">Continua llegint <span class=\"screen-reader-text\">\u00abPreparant la nostra mostra final\u00bb<\/span><\/a><\/p>\n<\/div>\n","protected":false},"excerpt":{"rendered":"<p>Des de Joan Negrescolor EN RESiD\u00c8NCiA a l\u2019Institut V\u00e1zquez Montalb\u00e1n Despr\u00e9s d\u2019haver experimentat amb diferents t\u00e8cniques i textures ens identifiquem, com a grup, en l\u2019activitat del negatiu\/positiu dels primers mesos\u2026 El Joan ens mostra una manera d\u2019expressar-nos a partir dels s\u00edmbols que nosaltres hem anat creant i hem anat veient, i sabem que poden ser &hellip; <\/p>\n<p class=\"link-more\"><a href=\"https:\/\/blocsenresidencia.bcn.cat\/20242025\/2025\/06\/25\/preparant-la-nostra-mostra-final\/\" class=\"more-link\">Continua llegint <span class=\"screen-reader-text\">\u00abPreparant la nostra mostra final\u00bb<\/span><\/a><\/p>\n","protected":false},"author":5,"featured_media":0,"comment_status":"closed","ping_status":"closed","sticky":false,"template":"","format":"standard","meta":{"footnotes":""},"categories":[1],"tags":[],"class_list":["post-1779","post","type-post","status-publish","format-standard","hentry","category-general"],"_links":{"self":[{"href":"https:\/\/blocsenresidencia.bcn.cat\/20242025\/wp-json\/wp\/v2\/posts\/1779","targetHints":{"allow":["GET"]}}],"collection":[{"href":"https:\/\/blocsenresidencia.bcn.cat\/20242025\/wp-json\/wp\/v2\/posts"}],"about":[{"href":"https:\/\/blocsenresidencia.bcn.cat\/20242025\/wp-json\/wp\/v2\/types\/post"}],"author":[{"embeddable":true,"href":"https:\/\/blocsenresidencia.bcn.cat\/20242025\/wp-json\/wp\/v2\/users\/5"}],"replies":[{"embeddable":true,"href":"https:\/\/blocsenresidencia.bcn.cat\/20242025\/wp-json\/wp\/v2\/comments?post=1779"}],"version-history":[{"count":0,"href":"https:\/\/blocsenresidencia.bcn.cat\/20242025\/wp-json\/wp\/v2\/posts\/1779\/revisions"}],"wp:attachment":[{"href":"https:\/\/blocsenresidencia.bcn.cat\/20242025\/wp-json\/wp\/v2\/media?parent=1779"}],"wp:term":[{"taxonomy":"category","embeddable":true,"href":"https:\/\/blocsenresidencia.bcn.cat\/20242025\/wp-json\/wp\/v2\/categories?post=1779"},{"taxonomy":"post_tag","embeddable":true,"href":"https:\/\/blocsenresidencia.bcn.cat\/20242025\/wp-json\/wp\/v2\/tags?post=1779"}],"curies":[{"name":"wp","href":"https:\/\/api.w.org\/{rel}","templated":true}]}}