{"id":1786,"date":"2025-07-02T12:04:16","date_gmt":"2025-07-02T10:04:16","guid":{"rendered":"https:\/\/blocsenresidencia.bcn.cat\/20242025\/2025\/07\/02\/presentem-lexposicio-totes-les-veus\/"},"modified":"2025-07-02T12:04:16","modified_gmt":"2025-07-02T10:04:16","slug":"presentem-lexposicio-totes-les-veus","status":"publish","type":"post","link":"https:\/\/blocsenresidencia.bcn.cat\/20242025\/2025\/07\/02\/presentem-lexposicio-totes-les-veus\/","title":{"rendered":"Presentem l\u2019exposici\u00f3 \u2018Totes les veus\u2019"},"content":{"rendered":"<p>Des de <a href=\"https:\/\/blocsenresidencia.bcn.cat\/turocaritg2025\/presentem-lexposicio-totes-les-veus\/\">Sara de Ubieta EN RESiD\u00c8NCiA a l\u2019Institut Escola Tur\u00f3 d\u2019en Caritg<\/a><\/p>\n<div>Presentem la nostra exposici\u00f3 \u2018Totes les veus\u2019 a la Sala d\u2019Exposicions Josep Ucl\u00e9s del Centre Cultural del Carme de Badalona, juntament amb la Sara de Ubieta i les nostres professores. En aquesta presentaci\u00f3, expliquem el proc\u00e9s d\u2019experimentaci\u00f3 que hem fet durant tot els curs i les descobertes realitzades. Tamb\u00e9 expliquem per qu\u00e8 hem escollit treballar \u2026 <\/p>\n<p class=\"link-more\"><a href=\"https:\/\/blocsenresidencia.bcn.cat\/turocaritg2025\/presentem-lexposicio-totes-les-veus\/\" class=\"more-link\">Continua llegint <span class=\"screen-reader-text\">\u00abPresentem l\u2019exposici\u00f3 \u2018Totes les veus\u2019\u00bb<\/span><\/a><\/p>\n<\/div>\n","protected":false},"excerpt":{"rendered":"<p>Des de Sara de Ubieta EN RESiD\u00c8NCiA a l\u2019Institut Escola Tur\u00f3 d\u2019en Caritg Presentem la nostra exposici\u00f3 \u2018Totes les veus\u2019 a la Sala d\u2019Exposicions Josep Ucl\u00e9s del Centre Cultural del Carme de Badalona, juntament amb la Sara de Ubieta i les nostres professores. En aquesta presentaci\u00f3, expliquem el proc\u00e9s d\u2019experimentaci\u00f3 que hem fet durant tot &hellip; <\/p>\n<p class=\"link-more\"><a href=\"https:\/\/blocsenresidencia.bcn.cat\/20242025\/2025\/07\/02\/presentem-lexposicio-totes-les-veus\/\" class=\"more-link\">Continua llegint <span class=\"screen-reader-text\">\u00abPresentem l\u2019exposici\u00f3 \u2018Totes les veus\u2019\u00bb<\/span><\/a><\/p>\n","protected":false},"author":5,"featured_media":0,"comment_status":"closed","ping_status":"closed","sticky":false,"template":"","format":"standard","meta":{"footnotes":""},"categories":[1],"tags":[],"class_list":["post-1786","post","type-post","status-publish","format-standard","hentry","category-general"],"_links":{"self":[{"href":"https:\/\/blocsenresidencia.bcn.cat\/20242025\/wp-json\/wp\/v2\/posts\/1786","targetHints":{"allow":["GET"]}}],"collection":[{"href":"https:\/\/blocsenresidencia.bcn.cat\/20242025\/wp-json\/wp\/v2\/posts"}],"about":[{"href":"https:\/\/blocsenresidencia.bcn.cat\/20242025\/wp-json\/wp\/v2\/types\/post"}],"author":[{"embeddable":true,"href":"https:\/\/blocsenresidencia.bcn.cat\/20242025\/wp-json\/wp\/v2\/users\/5"}],"replies":[{"embeddable":true,"href":"https:\/\/blocsenresidencia.bcn.cat\/20242025\/wp-json\/wp\/v2\/comments?post=1786"}],"version-history":[{"count":0,"href":"https:\/\/blocsenresidencia.bcn.cat\/20242025\/wp-json\/wp\/v2\/posts\/1786\/revisions"}],"wp:attachment":[{"href":"https:\/\/blocsenresidencia.bcn.cat\/20242025\/wp-json\/wp\/v2\/media?parent=1786"}],"wp:term":[{"taxonomy":"category","embeddable":true,"href":"https:\/\/blocsenresidencia.bcn.cat\/20242025\/wp-json\/wp\/v2\/categories?post=1786"},{"taxonomy":"post_tag","embeddable":true,"href":"https:\/\/blocsenresidencia.bcn.cat\/20242025\/wp-json\/wp\/v2\/tags?post=1786"}],"curies":[{"name":"wp","href":"https:\/\/api.w.org\/{rel}","templated":true}]}}