{"id":1,"date":"2023-09-25T13:43:00","date_gmt":"2023-09-25T11:43:00","guid":{"rendered":"\/20252026\/?p=1"},"modified":"2025-10-06T08:40:14","modified_gmt":"2025-10-06T06:40:14","slug":"ja-ha-comencat-la-17a-edicio-d-en-residencia","status":"publish","type":"post","link":"\/20252026\/ja-ha-comencat-la-17a-edicio-d-en-residencia\/","title":{"rendered":"Ja ha comen\u00e7at la 17a edici\u00f3 d\u2019 EN RESiD\u00c8NCiA!"},"content":{"rendered":"\n<p class=\"wp-block-paragraph\">En marxa la 17a edici\u00f3 d\u2019EN RESiD\u00c8NCiA! Amb Marta Bisbal, Elena Carvajal i Rafael Fraz\u00e3o, Lu Chieregati, Helena Civit, Jaume Clotet, Fito Conesa, Aleix Faur\u00f3 i Sierra (La Virgueria), Vivian Friedrich, Alba G. Corral, Mar Garcia i Javi Soler, Laura Gin\u00e8s, Raquel Gualtero, V\u00edctor Jaenada, &nbsp;Jos\u00e9 y sus Hermanas, Tau Luna Acosta, Pablo Macho Otero, Pau Matas i C\u00e8lia Rovira, B\u00e0rbara Mestanza, Laia Moret\u00f3, <code>Carmela<\/code> Mu\u00f1oz i Esther Sol\u00e9 Alarc\u00f3n, Marco Noris, Albert Quesada, Milena Rossignoli, teresa w \uff65*:\uff61.\uff61:*\uff65\u309c\uff9f\uff65* , Carolina Torres Topaga, Paula Vicente i Pablo Volt.<\/p>\n\n\n\n<p class=\"wp-block-paragraph\">En aquest blog podreu seguir els moments clau dels 27 processos de creaci\u00f3 als instituts!<\/p>\n\n\n\n<p class=\"wp-block-paragraph\">Seguim!!!<\/p>\n\n\n\n<p class=\"wp-block-paragraph\"><\/p>\n","protected":false},"excerpt":{"rendered":"<p>En marxa la 17a edici\u00f3 d\u2019EN RESiD\u00c8NCiA! Amb Marta Bisbal, Elena Carvajal i Rafael Fraz\u00e3o, Lu Chieregati, Helena Civit, Jaume Clotet, Fito Conesa, Aleix Faur\u00f3 i Sierra (La Virgueria), Vivian Friedrich, Alba G. Corral, Mar Garcia i Javi Soler, Laura Gin\u00e8s, Raquel Gualtero, V\u00edctor Jaenada, &nbsp;Jos\u00e9 y sus Hermanas, Tau Luna Acosta, Pablo Macho Otero, &hellip; <\/p>\n<p class=\"link-more\"><a href=\"\/20252026\/ja-ha-comencat-la-17a-edicio-d-en-residencia\/\" class=\"more-link\">Continua llegint <span class=\"screen-reader-text\">\u00abJa ha comen\u00e7at la 17a edici\u00f3 d\u2019 EN RESiD\u00c8NCiA!\u00bb<\/span><\/a><\/p>\n","protected":false},"author":1,"featured_media":0,"comment_status":"closed","ping_status":"open","sticky":false,"template":"","format":"standard","meta":{"footnotes":""},"categories":[1],"tags":[],"class_list":["post-1","post","type-post","status-publish","format-standard","hentry","category-general"],"_links":{"self":[{"href":"\/20252026\/wp-json\/wp\/v2\/posts\/1","targetHints":{"allow":["GET"]}}],"collection":[{"href":"\/20252026\/wp-json\/wp\/v2\/posts"}],"about":[{"href":"\/20252026\/wp-json\/wp\/v2\/types\/post"}],"author":[{"embeddable":true,"href":"\/20252026\/wp-json\/wp\/v2\/users\/1"}],"replies":[{"embeddable":true,"href":"\/20252026\/wp-json\/wp\/v2\/comments?post=1"}],"version-history":[{"count":5,"href":"\/20252026\/wp-json\/wp\/v2\/posts\/1\/revisions"}],"predecessor-version":[{"id":1440,"href":"\/20252026\/wp-json\/wp\/v2\/posts\/1\/revisions\/1440"}],"wp:attachment":[{"href":"\/20252026\/wp-json\/wp\/v2\/media?parent=1"}],"wp:term":[{"taxonomy":"category","embeddable":true,"href":"\/20252026\/wp-json\/wp\/v2\/categories?post=1"},{"taxonomy":"post_tag","embeddable":true,"href":"\/20252026\/wp-json\/wp\/v2\/tags?post=1"}],"curies":[{"name":"wp","href":"https:\/\/api.w.org\/{rel}","templated":true}]}}