{"id":1469,"date":"2025-10-06T14:19:16","date_gmt":"2025-10-06T12:19:16","guid":{"rendered":"\/20252026\/victor-jaenada-en-residencia-a-linstitut-institut-pompeu-fabra\/"},"modified":"2025-10-06T14:19:16","modified_gmt":"2025-10-06T12:19:16","slug":"victor-jaenada-en-residencia-a-linstitut-institut-pompeu-fabra","status":"publish","type":"post","link":"\/20252026\/victor-jaenada-en-residencia-a-linstitut-institut-pompeu-fabra\/","title":{"rendered":"V\u00edctor Jaenada EN RESiD\u00c8NCiA a l\u2019Institut Institut Pompeu Fabra"},"content":{"rendered":"<p>Des de <a href=\"https:\/\/blocsenresidencia.bcn.cat\/pompeufabra2026\/victor-jaenada-en-residencia-a-linstitut-institut-pompeu-fabra\/\">V\u00edctor Jaenada EN RESiD\u00c8NCiA a l&#8217;Institut Pompeu Fabra (Badalona)<\/a><\/p>\n<div>V\u00edctor Jaenada ja ha iniciat el proc\u00e9s de creaci\u00f3 EN RESiD\u00c8NCiA a l\u2019Institut Institut Pompeu Fabra (Bufal\u00e0, Badalona). En aquest blog podreu seguir els moments clau d\u2019un proc\u00e9s obert, amb un final no predefinit. Fins molt aviat!!<\/div>\n","protected":false},"excerpt":{"rendered":"<p>Des de V\u00edctor Jaenada EN RESiD\u00c8NCiA a l&#8217;Institut Pompeu Fabra (Badalona) V\u00edctor Jaenada ja ha iniciat el proc\u00e9s de creaci\u00f3 EN RESiD\u00c8NCiA a l\u2019Institut Institut Pompeu Fabra (Bufal\u00e0, Badalona). En aquest blog podreu seguir els moments clau d\u2019un proc\u00e9s obert, amb un final no predefinit. Fins molt aviat!!<\/p>\n","protected":false},"author":4,"featured_media":0,"comment_status":"closed","ping_status":"closed","sticky":false,"template":"","format":"standard","meta":{"footnotes":""},"categories":[1],"tags":[],"class_list":["post-1469","post","type-post","status-publish","format-standard","hentry","category-general"],"_links":{"self":[{"href":"\/20252026\/wp-json\/wp\/v2\/posts\/1469","targetHints":{"allow":["GET"]}}],"collection":[{"href":"\/20252026\/wp-json\/wp\/v2\/posts"}],"about":[{"href":"\/20252026\/wp-json\/wp\/v2\/types\/post"}],"author":[{"embeddable":true,"href":"\/20252026\/wp-json\/wp\/v2\/users\/4"}],"replies":[{"embeddable":true,"href":"\/20252026\/wp-json\/wp\/v2\/comments?post=1469"}],"version-history":[{"count":0,"href":"\/20252026\/wp-json\/wp\/v2\/posts\/1469\/revisions"}],"wp:attachment":[{"href":"\/20252026\/wp-json\/wp\/v2\/media?parent=1469"}],"wp:term":[{"taxonomy":"category","embeddable":true,"href":"\/20252026\/wp-json\/wp\/v2\/categories?post=1469"},{"taxonomy":"post_tag","embeddable":true,"href":"\/20252026\/wp-json\/wp\/v2\/tags?post=1469"}],"curies":[{"name":"wp","href":"https:\/\/api.w.org\/{rel}","templated":true}]}}