{"id":1472,"date":"2025-10-06T14:19:19","date_gmt":"2025-10-06T12:19:19","guid":{"rendered":"\/20252026\/pablo-macho-otero-en-residencia-a-linstitut-barri-besos\/"},"modified":"2025-10-06T14:19:19","modified_gmt":"2025-10-06T12:19:19","slug":"pablo-macho-otero-en-residencia-a-linstitut-barri-besos","status":"publish","type":"post","link":"\/20252026\/pablo-macho-otero-en-residencia-a-linstitut-barri-besos\/","title":{"rendered":"Pablo Macho Otero EN RESiD\u00c8NCiA a l\u2019Institut Barri Bes\u00f2s"},"content":{"rendered":"<p>Des de <a href=\"https:\/\/blocsenresidencia.bcn.cat\/barribesos2026\/pablo-macho-otero-en-residencia-a-linstitut-barri-besos\/\">Pablo Macho Otero EN RESiD\u00c8NCiA a l\u2019Institut Barri Bes\u00f2s (Barcelona)<\/a><\/p>\n<div>Pablo Macho Otero ja ha iniciat el proc\u00e9s de creaci\u00f3 EN RESiD\u00c8NCiA a l\u2019Institut Barri Bes\u00f2s (el Bes\u00f2s i el Maresme, Barcelona). En aquest blog podreu seguir els moments clau d\u2019un proc\u00e9s obert, amb un final no predefinit. Fins molt aviat!!<\/div>\n","protected":false},"excerpt":{"rendered":"<p>Des de Pablo Macho Otero EN RESiD\u00c8NCiA a l\u2019Institut Barri Bes\u00f2s (Barcelona) Pablo Macho Otero ja ha iniciat el proc\u00e9s de creaci\u00f3 EN RESiD\u00c8NCiA a l\u2019Institut Barri Bes\u00f2s (el Bes\u00f2s i el Maresme, Barcelona). En aquest blog podreu seguir els moments clau d\u2019un proc\u00e9s obert, amb un final no predefinit. Fins molt aviat!!<\/p>\n","protected":false},"author":4,"featured_media":0,"comment_status":"closed","ping_status":"closed","sticky":false,"template":"","format":"standard","meta":{"footnotes":""},"categories":[1],"tags":[],"class_list":["post-1472","post","type-post","status-publish","format-standard","hentry","category-general"],"_links":{"self":[{"href":"\/20252026\/wp-json\/wp\/v2\/posts\/1472","targetHints":{"allow":["GET"]}}],"collection":[{"href":"\/20252026\/wp-json\/wp\/v2\/posts"}],"about":[{"href":"\/20252026\/wp-json\/wp\/v2\/types\/post"}],"author":[{"embeddable":true,"href":"\/20252026\/wp-json\/wp\/v2\/users\/4"}],"replies":[{"embeddable":true,"href":"\/20252026\/wp-json\/wp\/v2\/comments?post=1472"}],"version-history":[{"count":0,"href":"\/20252026\/wp-json\/wp\/v2\/posts\/1472\/revisions"}],"wp:attachment":[{"href":"\/20252026\/wp-json\/wp\/v2\/media?parent=1472"}],"wp:term":[{"taxonomy":"category","embeddable":true,"href":"\/20252026\/wp-json\/wp\/v2\/categories?post=1472"},{"taxonomy":"post_tag","embeddable":true,"href":"\/20252026\/wp-json\/wp\/v2\/tags?post=1472"}],"curies":[{"name":"wp","href":"https:\/\/api.w.org\/{rel}","templated":true}]}}