{"id":1476,"date":"2025-10-06T14:19:20","date_gmt":"2025-10-06T12:19:20","guid":{"rendered":"\/20252026\/carmela-munoz-i-esther-sole-alarcon-en-residencia-a-linstitut-la-bastida\/"},"modified":"2025-10-06T14:19:20","modified_gmt":"2025-10-06T12:19:20","slug":"carmela-munoz-i-esther-sole-alarcon-en-residencia-a-linstitut-la-bastida","status":"publish","type":"post","link":"\/20252026\/carmela-munoz-i-esther-sole-alarcon-en-residencia-a-linstitut-la-bastida\/","title":{"rendered":"Carmela Mu\u00f1oz i Esther Sol\u00e9 Alarc\u00f3n EN RESiD\u00c8NCiA a l\u2019Institut La Bastida"},"content":{"rendered":"<p>Des de <a href=\"https:\/\/blocsenresidencia.bcn.cat\/bastida2026\/carmela-munoz-i-esther-sole-alarcon-en-residencia-a-linstitut-la-bastida\/\">Carmela Mu\u00f1oz i Esther Sol\u00e9 Alarc\u00f3n EN RESiD\u00c8NCiA a l\u2019Institut La Bastida  (Santa Coloma de Gramenet)<\/a><\/p>\n<div>Carmela Mu\u00f1oz i Esther Sol\u00e9 Alarc\u00f3n ja han iniciat el proc\u00e9s de creaci\u00f3 EN RESiD\u00c8NCiA a l\u2019Institut La Bastida (La Riera Alta, Santa Coloma de Gramenet). En aquest blog podreu seguir els moments clau d\u2019un proc\u00e9s obert, amb un final no predefinit. Fins molt aviat!!<\/div>\n","protected":false},"excerpt":{"rendered":"<p>Des de Carmela Mu\u00f1oz i Esther Sol\u00e9 Alarc\u00f3n EN RESiD\u00c8NCiA a l\u2019Institut La Bastida (Santa Coloma de Gramenet) Carmela Mu\u00f1oz i Esther Sol\u00e9 Alarc\u00f3n ja han iniciat el proc\u00e9s de creaci\u00f3 EN RESiD\u00c8NCiA a l\u2019Institut La Bastida (La Riera Alta, Santa Coloma de Gramenet). En aquest blog podreu seguir els moments clau d\u2019un proc\u00e9s obert, &hellip; <\/p>\n<p class=\"link-more\"><a href=\"\/20252026\/carmela-munoz-i-esther-sole-alarcon-en-residencia-a-linstitut-la-bastida\/\" class=\"more-link\">Continua llegint <span class=\"screen-reader-text\">\u00abCarmela Mu\u00f1oz i Esther Sol\u00e9 Alarc\u00f3n EN RESiD\u00c8NCiA a l\u2019Institut La Bastida\u00bb<\/span><\/a><\/p>\n","protected":false},"author":4,"featured_media":0,"comment_status":"closed","ping_status":"closed","sticky":false,"template":"","format":"standard","meta":{"footnotes":""},"categories":[1],"tags":[],"class_list":["post-1476","post","type-post","status-publish","format-standard","hentry","category-general"],"_links":{"self":[{"href":"\/20252026\/wp-json\/wp\/v2\/posts\/1476","targetHints":{"allow":["GET"]}}],"collection":[{"href":"\/20252026\/wp-json\/wp\/v2\/posts"}],"about":[{"href":"\/20252026\/wp-json\/wp\/v2\/types\/post"}],"author":[{"embeddable":true,"href":"\/20252026\/wp-json\/wp\/v2\/users\/4"}],"replies":[{"embeddable":true,"href":"\/20252026\/wp-json\/wp\/v2\/comments?post=1476"}],"version-history":[{"count":0,"href":"\/20252026\/wp-json\/wp\/v2\/posts\/1476\/revisions"}],"wp:attachment":[{"href":"\/20252026\/wp-json\/wp\/v2\/media?parent=1476"}],"wp:term":[{"taxonomy":"category","embeddable":true,"href":"\/20252026\/wp-json\/wp\/v2\/categories?post=1476"},{"taxonomy":"post_tag","embeddable":true,"href":"\/20252026\/wp-json\/wp\/v2\/tags?post=1476"}],"curies":[{"name":"wp","href":"https:\/\/api.w.org\/{rel}","templated":true}]}}