{"id":1477,"date":"2025-10-06T14:19:21","date_gmt":"2025-10-06T12:19:21","guid":{"rendered":"\/20252026\/marta-bisbal-en-residencia-a-linstitut-torre-vicens-lleida\/"},"modified":"2025-10-06T14:19:21","modified_gmt":"2025-10-06T12:19:21","slug":"marta-bisbal-en-residencia-a-linstitut-torre-vicens-lleida","status":"publish","type":"post","link":"\/20252026\/marta-bisbal-en-residencia-a-linstitut-torre-vicens-lleida\/","title":{"rendered":"Marta Bisbal EN RESiD\u00c8NCiA a l\u2019Institut Torre Vicens (Lleida)"},"content":{"rendered":"<p>Des de <a href=\"https:\/\/blocsenresidencia.bcn.cat\/torrevicens2026\/marta-bisbal-en-residencia-a-linstitut-torre-vicens-lleida\/\">Marta Bisbal  EN RESiD\u00c8NCiA a l\u2019Institut Torre Vicens<\/a><\/p>\n<div>Marta Bisbal ja ha iniciat el proc\u00e9s de creaci\u00f3 EN RESiD\u00c8NCiA a l\u2019Institut Torre Vicens (Lleida). En aquest blog podreu seguir els moments clau d\u2019un proc\u00e9s obert, amb un final no predefinit. Fins molt aviat!!<\/div>\n","protected":false},"excerpt":{"rendered":"<p>Des de Marta Bisbal EN RESiD\u00c8NCiA a l\u2019Institut Torre Vicens Marta Bisbal ja ha iniciat el proc\u00e9s de creaci\u00f3 EN RESiD\u00c8NCiA a l\u2019Institut Torre Vicens (Lleida). En aquest blog podreu seguir els moments clau d\u2019un proc\u00e9s obert, amb un final no predefinit. Fins molt aviat!!<\/p>\n","protected":false},"author":4,"featured_media":0,"comment_status":"closed","ping_status":"closed","sticky":false,"template":"","format":"standard","meta":{"footnotes":""},"categories":[1],"tags":[],"class_list":["post-1477","post","type-post","status-publish","format-standard","hentry","category-general"],"_links":{"self":[{"href":"\/20252026\/wp-json\/wp\/v2\/posts\/1477","targetHints":{"allow":["GET"]}}],"collection":[{"href":"\/20252026\/wp-json\/wp\/v2\/posts"}],"about":[{"href":"\/20252026\/wp-json\/wp\/v2\/types\/post"}],"author":[{"embeddable":true,"href":"\/20252026\/wp-json\/wp\/v2\/users\/4"}],"replies":[{"embeddable":true,"href":"\/20252026\/wp-json\/wp\/v2\/comments?post=1477"}],"version-history":[{"count":0,"href":"\/20252026\/wp-json\/wp\/v2\/posts\/1477\/revisions"}],"wp:attachment":[{"href":"\/20252026\/wp-json\/wp\/v2\/media?parent=1477"}],"wp:term":[{"taxonomy":"category","embeddable":true,"href":"\/20252026\/wp-json\/wp\/v2\/categories?post=1477"},{"taxonomy":"post_tag","embeddable":true,"href":"\/20252026\/wp-json\/wp\/v2\/tags?post=1477"}],"curies":[{"name":"wp","href":"https:\/\/api.w.org\/{rel}","templated":true}]}}