{"id":1491,"date":"2025-10-06T14:19:30","date_gmt":"2025-10-06T12:19:30","guid":{"rendered":"\/20252026\/aleix-fauro-i-sierra-la-virgueria-en-residencia-a-linstitut-manuel-vazquez-montalban\/"},"modified":"2025-10-06T14:19:30","modified_gmt":"2025-10-06T12:19:30","slug":"aleix-fauro-i-sierra-la-virgueria-en-residencia-a-linstitut-manuel-vazquez-montalban","status":"publish","type":"post","link":"\/20252026\/aleix-fauro-i-sierra-la-virgueria-en-residencia-a-linstitut-manuel-vazquez-montalban\/","title":{"rendered":"Aleix Faur\u00f3 i Sierra (La Virgueria) EN RESiD\u00c8NCiA a l\u2019Institut Manuel V\u00e1zquez Montalb\u00e1n"},"content":{"rendered":"<p>Des de <a href=\"https:\/\/blocsenresidencia.bcn.cat\/vazquezmontalban2026\/aleix-fauro-i-sierra-la-virgueria-en-residencia-a-linstitut-manuel-vazquez-montalban\/\">Aleix Faur\u00f3 i Sierra (La Virgueria) EN RESiD\u00c8NCiA a l\u2019Institut Manuel V\u00e1zquez Montalb\u00e1n (Sant Adri\u00e0 de Bes\u00f2s)<\/a><\/p>\n<div>Aleix Faur\u00f3 i Sierra (La Virgueria) ja ha iniciat el proc\u00e9s de creaci\u00f3 EN RESiD\u00c8NCiA a l\u2019Institut Manuel V\u00e1zquez Montalb\u00e1n (Sant Joan Baptista, Sant Adri\u00e0 de Bes\u00f2s). En aquest blog podreu seguir els moments clau d\u2019un proc\u00e9s obert, amb un final no predefinit. Fins molt aviat!!<\/div>\n","protected":false},"excerpt":{"rendered":"<p>Des de Aleix Faur\u00f3 i Sierra (La Virgueria) EN RESiD\u00c8NCiA a l\u2019Institut Manuel V\u00e1zquez Montalb\u00e1n (Sant Adri\u00e0 de Bes\u00f2s) Aleix Faur\u00f3 i Sierra (La Virgueria) ja ha iniciat el proc\u00e9s de creaci\u00f3 EN RESiD\u00c8NCiA a l\u2019Institut Manuel V\u00e1zquez Montalb\u00e1n (Sant Joan Baptista, Sant Adri\u00e0 de Bes\u00f2s). En aquest blog podreu seguir els moments clau d\u2019un &hellip; <\/p>\n<p class=\"link-more\"><a href=\"\/20252026\/aleix-fauro-i-sierra-la-virgueria-en-residencia-a-linstitut-manuel-vazquez-montalban\/\" class=\"more-link\">Continua llegint <span class=\"screen-reader-text\">\u00abAleix Faur\u00f3 i Sierra (La Virgueria) EN RESiD\u00c8NCiA a l\u2019Institut Manuel V\u00e1zquez Montalb\u00e1n\u00bb<\/span><\/a><\/p>\n","protected":false},"author":4,"featured_media":0,"comment_status":"closed","ping_status":"closed","sticky":false,"template":"","format":"standard","meta":{"footnotes":""},"categories":[1],"tags":[],"class_list":["post-1491","post","type-post","status-publish","format-standard","hentry","category-general"],"_links":{"self":[{"href":"\/20252026\/wp-json\/wp\/v2\/posts\/1491","targetHints":{"allow":["GET"]}}],"collection":[{"href":"\/20252026\/wp-json\/wp\/v2\/posts"}],"about":[{"href":"\/20252026\/wp-json\/wp\/v2\/types\/post"}],"author":[{"embeddable":true,"href":"\/20252026\/wp-json\/wp\/v2\/users\/4"}],"replies":[{"embeddable":true,"href":"\/20252026\/wp-json\/wp\/v2\/comments?post=1491"}],"version-history":[{"count":0,"href":"\/20252026\/wp-json\/wp\/v2\/posts\/1491\/revisions"}],"wp:attachment":[{"href":"\/20252026\/wp-json\/wp\/v2\/media?parent=1491"}],"wp:term":[{"taxonomy":"category","embeddable":true,"href":"\/20252026\/wp-json\/wp\/v2\/categories?post=1491"},{"taxonomy":"post_tag","embeddable":true,"href":"\/20252026\/wp-json\/wp\/v2\/tags?post=1491"}],"curies":[{"name":"wp","href":"https:\/\/api.w.org\/{rel}","templated":true}]}}