{"id":1495,"date":"2025-10-14T00:18:45","date_gmt":"2025-10-13T22:18:45","guid":{"rendered":"\/20252026\/comencem-el-proces-creatiu-primeres-sessions-doctubre\/"},"modified":"2025-10-14T00:18:45","modified_gmt":"2025-10-13T22:18:45","slug":"comencem-el-proces-creatiu-primeres-sessions-doctubre","status":"publish","type":"post","link":"\/20252026\/comencem-el-proces-creatiu-primeres-sessions-doctubre\/","title":{"rendered":"Comencem el proc\u00e9s creatiu! (Primeres sessions d\u2019octubre)"},"content":{"rendered":"<p>Des de <a href=\"https:\/\/blocsenresidencia.bcn.cat\/sants2026\/comencem-el-proces-creatiu-primeres-sessions-doctubre\/\">Carolina Torres Topaga EN RESiD\u00c8NCiA a l\u2019Institut Sants (Barcelona)<\/a><\/p>\n<div>La primera sessi\u00f3 de la resid\u00e8ncia va anar for\u00e7a b\u00e9 i va estar plena d\u2019emoci\u00f3. Som un grup d\u2019unes dinou persones joves que vam prendre l\u2019escenari i vam fer diversos exercicis col\u00b7lectius de reconeixement del grup. B\u00e0sicament, cada persona va escollir un gest que la definia i un nom, i a partir d\u2019aqu\u00ed es van \u2026 <\/p>\n<p class=\"link-more\"><a href=\"https:\/\/blocsenresidencia.bcn.cat\/sants2026\/comencem-el-proces-creatiu-primeres-sessions-doctubre\/\" class=\"more-link\">Continua llegint <span class=\"screen-reader-text\">\u00abComencem el proc\u00e9s creatiu! (Primeres sessions d\u2019octubre)\u00bb<\/span><\/a><\/p>\n<\/div>\n","protected":false},"excerpt":{"rendered":"<p>Des de Carolina Torres Topaga EN RESiD\u00c8NCiA a l\u2019Institut Sants (Barcelona) La primera sessi\u00f3 de la resid\u00e8ncia va anar for\u00e7a b\u00e9 i va estar plena d\u2019emoci\u00f3. Som un grup d\u2019unes dinou persones joves que vam prendre l\u2019escenari i vam fer diversos exercicis col\u00b7lectius de reconeixement del grup. B\u00e0sicament, cada persona va escollir un gest que &hellip; <\/p>\n<p class=\"link-more\"><a href=\"\/20252026\/comencem-el-proces-creatiu-primeres-sessions-doctubre\/\" class=\"more-link\">Continua llegint <span class=\"screen-reader-text\">\u00abComencem el proc\u00e9s creatiu! (Primeres sessions d\u2019octubre)\u00bb<\/span><\/a><\/p>\n","protected":false},"author":4,"featured_media":0,"comment_status":"closed","ping_status":"closed","sticky":false,"template":"","format":"standard","meta":{"footnotes":""},"categories":[1],"tags":[],"class_list":["post-1495","post","type-post","status-publish","format-standard","hentry","category-general"],"_links":{"self":[{"href":"\/20252026\/wp-json\/wp\/v2\/posts\/1495","targetHints":{"allow":["GET"]}}],"collection":[{"href":"\/20252026\/wp-json\/wp\/v2\/posts"}],"about":[{"href":"\/20252026\/wp-json\/wp\/v2\/types\/post"}],"author":[{"embeddable":true,"href":"\/20252026\/wp-json\/wp\/v2\/users\/4"}],"replies":[{"embeddable":true,"href":"\/20252026\/wp-json\/wp\/v2\/comments?post=1495"}],"version-history":[{"count":0,"href":"\/20252026\/wp-json\/wp\/v2\/posts\/1495\/revisions"}],"wp:attachment":[{"href":"\/20252026\/wp-json\/wp\/v2\/media?parent=1495"}],"wp:term":[{"taxonomy":"category","embeddable":true,"href":"\/20252026\/wp-json\/wp\/v2\/categories?post=1495"},{"taxonomy":"post_tag","embeddable":true,"href":"\/20252026\/wp-json\/wp\/v2\/tags?post=1495"}],"curies":[{"name":"wp","href":"https:\/\/api.w.org\/{rel}","templated":true}]}}