{"id":1504,"date":"2025-10-28T12:03:21","date_gmt":"2025-10-28T10:03:21","guid":{"rendered":"\/20252026\/sessio-1\/"},"modified":"2025-10-28T12:03:21","modified_gmt":"2025-10-28T10:03:21","slug":"sessio-1","status":"publish","type":"post","link":"\/20252026\/sessio-1\/","title":{"rendered":"Sessi\u00f3 1"},"content":{"rendered":"<p>Des de <a href=\"https:\/\/blocsenresidencia.bcn.cat\/barresiones2026\/sessio-1\/\">Jaume Clotet EN RESiD\u00c8NCiA a l\u2019Institut Barres i Ones (Badalona)<\/a><\/p>\n<div>Ara que ja portem uns quants dies rescatem un parell d\u2019imatges del que va ser la primera sessi\u00f3 d\u2019En Resid\u00e8ncia amb el Jaume, el passat 19 de setembre. En aquesta primera sessi\u00f3, despr\u00e9s d\u2019ensenyar-nos algunes imatges i contestar algunes preguntes sobre la seva feina, el Jaume ens va proposar una activitat: cadasc\u00fa tenia 5 minuts \u2026 <\/p>\n<p class=\"link-more\"><a href=\"https:\/\/blocsenresidencia.bcn.cat\/barresiones2026\/sessio-1\/\" class=\"more-link\">Continua llegint <span class=\"screen-reader-text\">\u00abSessi\u00f3 1\u00bb<\/span><\/a><\/p>\n<\/div>\n","protected":false},"excerpt":{"rendered":"<p>Des de Jaume Clotet EN RESiD\u00c8NCiA a l\u2019Institut Barres i Ones (Badalona) Ara que ja portem uns quants dies rescatem un parell d\u2019imatges del que va ser la primera sessi\u00f3 d\u2019En Resid\u00e8ncia amb el Jaume, el passat 19 de setembre. En aquesta primera sessi\u00f3, despr\u00e9s d\u2019ensenyar-nos algunes imatges i contestar algunes preguntes sobre la seva &hellip; <\/p>\n<p class=\"link-more\"><a href=\"\/20252026\/sessio-1\/\" class=\"more-link\">Continua llegint <span class=\"screen-reader-text\">\u00abSessi\u00f3 1\u00bb<\/span><\/a><\/p>\n","protected":false},"author":4,"featured_media":0,"comment_status":"closed","ping_status":"closed","sticky":false,"template":"","format":"standard","meta":{"footnotes":""},"categories":[1],"tags":[],"class_list":["post-1504","post","type-post","status-publish","format-standard","hentry","category-general"],"_links":{"self":[{"href":"\/20252026\/wp-json\/wp\/v2\/posts\/1504","targetHints":{"allow":["GET"]}}],"collection":[{"href":"\/20252026\/wp-json\/wp\/v2\/posts"}],"about":[{"href":"\/20252026\/wp-json\/wp\/v2\/types\/post"}],"author":[{"embeddable":true,"href":"\/20252026\/wp-json\/wp\/v2\/users\/4"}],"replies":[{"embeddable":true,"href":"\/20252026\/wp-json\/wp\/v2\/comments?post=1504"}],"version-history":[{"count":0,"href":"\/20252026\/wp-json\/wp\/v2\/posts\/1504\/revisions"}],"wp:attachment":[{"href":"\/20252026\/wp-json\/wp\/v2\/media?parent=1504"}],"wp:term":[{"taxonomy":"category","embeddable":true,"href":"\/20252026\/wp-json\/wp\/v2\/categories?post=1504"},{"taxonomy":"post_tag","embeddable":true,"href":"\/20252026\/wp-json\/wp\/v2\/tags?post=1504"}],"curies":[{"name":"wp","href":"https:\/\/api.w.org\/{rel}","templated":true}]}}