{"id":1507,"date":"2025-10-31T00:22:03","date_gmt":"2025-10-30T22:22:03","guid":{"rendered":"\/20252026\/explorant-les-arrels-de-lart-una-visita-a-lexposicio-origen\/"},"modified":"2025-10-31T00:22:03","modified_gmt":"2025-10-30T22:22:03","slug":"explorant-les-arrels-de-lart-una-visita-a-lexposicio-origen","status":"publish","type":"post","link":"\/20252026\/explorant-les-arrels-de-lart-una-visita-a-lexposicio-origen\/","title":{"rendered":"Explorant les arrels de l\u2019art: una visita a l\u2019exposici\u00f3 \u201cOrigen\u201d"},"content":{"rendered":"<p>Des de <a href=\"https:\/\/blocsenresidencia.bcn.cat\/torrevicens2026\/explorant-les-arrels-de-lart-una-visita-a-lexposicio-origen\/\">Marta Bisbal  EN RESiD\u00c8NCiA a l\u2019Institut Torre Vicens<\/a><\/p>\n<div>Una Experi\u00e8ncia Inoblidable a l\u2019Exposici\u00f3 \u201cOr\u00edgens\u201d del Museu de Lleida El dijous 2 d\u2019octubre, els alumnes de 3r d\u2019ESO de l\u2019Institut Torre Vicens van gaudir d\u2019una visita a l\u2019exposici\u00f3 Or\u00edgens al Museu de Lleida, una proposta cultural fascinant que fusiona el passat hist\u00f2ric amb l\u2019art contemporani, gr\u00e0cies a la col\u00b7laboraci\u00f3 amb la Fundaci\u00f3 Sorigu\u00e9. Aquesta \u2026 <\/p>\n<p class=\"link-more\"><a href=\"https:\/\/blocsenresidencia.bcn.cat\/torrevicens2026\/explorant-les-arrels-de-lart-una-visita-a-lexposicio-origen\/\" class=\"more-link\">Continua llegint <span class=\"screen-reader-text\">\u00abExplorant les arrels de l\u2019art: una visita a l\u2019exposici\u00f3 \u201cOrigen\u201d\u00bb<\/span><\/a><\/p>\n<\/div>\n","protected":false},"excerpt":{"rendered":"<p>Des de Marta Bisbal EN RESiD\u00c8NCiA a l\u2019Institut Torre Vicens Una Experi\u00e8ncia Inoblidable a l\u2019Exposici\u00f3 \u201cOr\u00edgens\u201d del Museu de Lleida El dijous 2 d\u2019octubre, els alumnes de 3r d\u2019ESO de l\u2019Institut Torre Vicens van gaudir d\u2019una visita a l\u2019exposici\u00f3 Or\u00edgens al Museu de Lleida, una proposta cultural fascinant que fusiona el passat hist\u00f2ric amb l\u2019art &hellip; <\/p>\n<p class=\"link-more\"><a href=\"\/20252026\/explorant-les-arrels-de-lart-una-visita-a-lexposicio-origen\/\" class=\"more-link\">Continua llegint <span class=\"screen-reader-text\">\u00abExplorant les arrels de l\u2019art: una visita a l\u2019exposici\u00f3 \u201cOrigen\u201d\u00bb<\/span><\/a><\/p>\n","protected":false},"author":4,"featured_media":0,"comment_status":"closed","ping_status":"closed","sticky":false,"template":"","format":"standard","meta":{"footnotes":""},"categories":[1],"tags":[],"class_list":["post-1507","post","type-post","status-publish","format-standard","hentry","category-general"],"_links":{"self":[{"href":"\/20252026\/wp-json\/wp\/v2\/posts\/1507","targetHints":{"allow":["GET"]}}],"collection":[{"href":"\/20252026\/wp-json\/wp\/v2\/posts"}],"about":[{"href":"\/20252026\/wp-json\/wp\/v2\/types\/post"}],"author":[{"embeddable":true,"href":"\/20252026\/wp-json\/wp\/v2\/users\/4"}],"replies":[{"embeddable":true,"href":"\/20252026\/wp-json\/wp\/v2\/comments?post=1507"}],"version-history":[{"count":0,"href":"\/20252026\/wp-json\/wp\/v2\/posts\/1507\/revisions"}],"wp:attachment":[{"href":"\/20252026\/wp-json\/wp\/v2\/media?parent=1507"}],"wp:term":[{"taxonomy":"category","embeddable":true,"href":"\/20252026\/wp-json\/wp\/v2\/categories?post=1507"},{"taxonomy":"post_tag","embeddable":true,"href":"\/20252026\/wp-json\/wp\/v2\/tags?post=1507"}],"curies":[{"name":"wp","href":"https:\/\/api.w.org\/{rel}","templated":true}]}}