{"id":1508,"date":"2025-10-31T00:22:03","date_gmt":"2025-10-30T22:22:03","guid":{"rendered":"\/20252026\/un-primer-dia-inoblidable-amb-marta-bisbal-descobrint-la-maleta-del-leandre-cristofol-a-laula-de-3r-deso\/"},"modified":"2025-10-31T00:22:03","modified_gmt":"2025-10-30T22:22:03","slug":"un-primer-dia-inoblidable-amb-marta-bisbal-descobrint-la-maleta-del-leandre-cristofol-a-laula-de-3r-deso","status":"publish","type":"post","link":"\/20252026\/un-primer-dia-inoblidable-amb-marta-bisbal-descobrint-la-maleta-del-leandre-cristofol-a-laula-de-3r-deso\/","title":{"rendered":"Un Primer Dia Inoblidable amb Marta Bisbal: Descobrint la Maleta del Leandre Crist\u00f2fol a l\u2019Aula de 3r d\u2019ESO"},"content":{"rendered":"<p>Des de <a href=\"https:\/\/blocsenresidencia.bcn.cat\/torrevicens2026\/un-primer-dia-inoblidable-amb-marta-bisbal-descobrint-la-maleta-del-leandre-cristofol-a-laula-de-3r-deso\/\">Marta Bisbal  EN RESiD\u00c8NCiA a l\u2019Institut Torre Vicens<\/a><\/p>\n<div>El projecte En Resid\u00e8ncia va comen\u00e7ar amb una gran expectaci\u00f3 i emoci\u00f3 quan la Marta Bisbal va aterrar a l\u2019aula de 3r d\u2019ESO per compartir amb els alumnes un m\u00f3n ple de significats, hist\u00f2ries i objectes carregats de valor. Aquell primer dia no nom\u00e9s es va obrir una maleta f\u00edsica, sin\u00f3 tamb\u00e9 una porta a \u2026 <\/p>\n<p class=\"link-more\"><a href=\"https:\/\/blocsenresidencia.bcn.cat\/torrevicens2026\/un-primer-dia-inoblidable-amb-marta-bisbal-descobrint-la-maleta-del-leandre-cristofol-a-laula-de-3r-deso\/\" class=\"more-link\">Continua llegint <span class=\"screen-reader-text\">\u00abUn Primer Dia Inoblidable amb Marta Bisbal: Descobrint la Maleta del Leandre Crist\u00f2fol a l\u2019Aula de 3r d\u2019ESO\u00bb<\/span><\/a><\/p>\n<\/div>\n","protected":false},"excerpt":{"rendered":"<p>Des de Marta Bisbal EN RESiD\u00c8NCiA a l\u2019Institut Torre Vicens El projecte En Resid\u00e8ncia va comen\u00e7ar amb una gran expectaci\u00f3 i emoci\u00f3 quan la Marta Bisbal va aterrar a l\u2019aula de 3r d\u2019ESO per compartir amb els alumnes un m\u00f3n ple de significats, hist\u00f2ries i objectes carregats de valor. Aquell primer dia no nom\u00e9s es &hellip; <\/p>\n<p class=\"link-more\"><a href=\"\/20252026\/un-primer-dia-inoblidable-amb-marta-bisbal-descobrint-la-maleta-del-leandre-cristofol-a-laula-de-3r-deso\/\" class=\"more-link\">Continua llegint <span class=\"screen-reader-text\">\u00abUn Primer Dia Inoblidable amb Marta Bisbal: Descobrint la Maleta del Leandre Crist\u00f2fol a l\u2019Aula de 3r d\u2019ESO\u00bb<\/span><\/a><\/p>\n","protected":false},"author":4,"featured_media":0,"comment_status":"closed","ping_status":"closed","sticky":false,"template":"","format":"standard","meta":{"footnotes":""},"categories":[1],"tags":[],"class_list":["post-1508","post","type-post","status-publish","format-standard","hentry","category-general"],"_links":{"self":[{"href":"\/20252026\/wp-json\/wp\/v2\/posts\/1508","targetHints":{"allow":["GET"]}}],"collection":[{"href":"\/20252026\/wp-json\/wp\/v2\/posts"}],"about":[{"href":"\/20252026\/wp-json\/wp\/v2\/types\/post"}],"author":[{"embeddable":true,"href":"\/20252026\/wp-json\/wp\/v2\/users\/4"}],"replies":[{"embeddable":true,"href":"\/20252026\/wp-json\/wp\/v2\/comments?post=1508"}],"version-history":[{"count":0,"href":"\/20252026\/wp-json\/wp\/v2\/posts\/1508\/revisions"}],"wp:attachment":[{"href":"\/20252026\/wp-json\/wp\/v2\/media?parent=1508"}],"wp:term":[{"taxonomy":"category","embeddable":true,"href":"\/20252026\/wp-json\/wp\/v2\/categories?post=1508"},{"taxonomy":"post_tag","embeddable":true,"href":"\/20252026\/wp-json\/wp\/v2\/tags?post=1508"}],"curies":[{"name":"wp","href":"https:\/\/api.w.org\/{rel}","templated":true}]}}