{"id":1516,"date":"2025-11-11T12:04:25","date_gmt":"2025-11-11T10:04:25","guid":{"rendered":"\/20252026\/activitats-del-mes-doctubre-amb-lalumnat-de-4t-deso-arts-esceniques\/"},"modified":"2025-11-11T12:04:25","modified_gmt":"2025-11-11T10:04:25","slug":"activitats-del-mes-doctubre-amb-lalumnat-de-4t-deso-arts-esceniques","status":"publish","type":"post","link":"\/20252026\/activitats-del-mes-doctubre-amb-lalumnat-de-4t-deso-arts-esceniques\/","title":{"rendered":"Activitats del mes d\u2019octubre amb l\u2019alumnat de 4t d\u2019ESO \u2013 Arts esc\u00e8niques"},"content":{"rendered":"<p>Des de <a href=\"https:\/\/blocsenresidencia.bcn.cat\/barribesos2026\/activitats-del-mes-doctubre-amb-lalumnat-de-4t-deso-arts-esceniques\/\">Pablo Macho Otero EN RESiD\u00c8NCiA a l\u2019Institut Barri Bes\u00f2s (Barcelona)<\/a><\/p>\n<div>Durant el mes d\u2019octubre, l\u2019alumnat de 4t d\u2019ESO de la mat\u00e8ria d\u2019Arts esc\u00e8niques ha iniciat amb entusiasme el proc\u00e9s de creaci\u00f3 conjuntament amb Pablo Macho Otero, artista resident del programa EN RESiD\u00c8NCiA. Ha estat un mes intens i ple de descobriments, en qu\u00e8 hem comen\u00e7at a construir les bases del nostre projecte art\u00edstic col\u00b7lectiu. Les \u2026 <\/p>\n<p class=\"link-more\"><a href=\"https:\/\/blocsenresidencia.bcn.cat\/barribesos2026\/activitats-del-mes-doctubre-amb-lalumnat-de-4t-deso-arts-esceniques\/\" class=\"more-link\">Continua llegint <span class=\"screen-reader-text\">\u00abActivitats del mes d\u2019octubre amb l\u2019alumnat de 4t d\u2019ESO \u2013 Arts esc\u00e8niques\u00bb<\/span><\/a><\/p>\n<\/div>\n","protected":false},"excerpt":{"rendered":"<p>Des de Pablo Macho Otero EN RESiD\u00c8NCiA a l\u2019Institut Barri Bes\u00f2s (Barcelona) Durant el mes d\u2019octubre, l\u2019alumnat de 4t d\u2019ESO de la mat\u00e8ria d\u2019Arts esc\u00e8niques ha iniciat amb entusiasme el proc\u00e9s de creaci\u00f3 conjuntament amb Pablo Macho Otero, artista resident del programa EN RESiD\u00c8NCiA. Ha estat un mes intens i ple de descobriments, en qu\u00e8 &hellip; <\/p>\n<p class=\"link-more\"><a href=\"\/20252026\/activitats-del-mes-doctubre-amb-lalumnat-de-4t-deso-arts-esceniques\/\" class=\"more-link\">Continua llegint <span class=\"screen-reader-text\">\u00abActivitats del mes d\u2019octubre amb l\u2019alumnat de 4t d\u2019ESO \u2013 Arts esc\u00e8niques\u00bb<\/span><\/a><\/p>\n","protected":false},"author":4,"featured_media":0,"comment_status":"closed","ping_status":"closed","sticky":false,"template":"","format":"standard","meta":{"footnotes":""},"categories":[1],"tags":[],"class_list":["post-1516","post","type-post","status-publish","format-standard","hentry","category-general"],"_links":{"self":[{"href":"\/20252026\/wp-json\/wp\/v2\/posts\/1516","targetHints":{"allow":["GET"]}}],"collection":[{"href":"\/20252026\/wp-json\/wp\/v2\/posts"}],"about":[{"href":"\/20252026\/wp-json\/wp\/v2\/types\/post"}],"author":[{"embeddable":true,"href":"\/20252026\/wp-json\/wp\/v2\/users\/4"}],"replies":[{"embeddable":true,"href":"\/20252026\/wp-json\/wp\/v2\/comments?post=1516"}],"version-history":[{"count":0,"href":"\/20252026\/wp-json\/wp\/v2\/posts\/1516\/revisions"}],"wp:attachment":[{"href":"\/20252026\/wp-json\/wp\/v2\/media?parent=1516"}],"wp:term":[{"taxonomy":"category","embeddable":true,"href":"\/20252026\/wp-json\/wp\/v2\/categories?post=1516"},{"taxonomy":"post_tag","embeddable":true,"href":"\/20252026\/wp-json\/wp\/v2\/tags?post=1516"}],"curies":[{"name":"wp","href":"https:\/\/api.w.org\/{rel}","templated":true}]}}