{"id":1517,"date":"2025-11-13T12:29:31","date_gmt":"2025-11-13T10:29:31","guid":{"rendered":"\/20252026\/sessio-5-29-oct\/"},"modified":"2025-11-13T12:29:31","modified_gmt":"2025-11-13T10:29:31","slug":"sessio-5-29-oct","status":"publish","type":"post","link":"\/20252026\/sessio-5-29-oct\/","title":{"rendered":"Sessi\u00f3 5 \u2013 29 oct"},"content":{"rendered":"<p>Des de <a href=\"https:\/\/blocsenresidencia.bcn.cat\/narcismonturiol2026\/sessio-5-29-oct\/\">Fito Conesa EN RESiD\u00c8NCiA a l\u2019Institut Narc\u00eds Monturiol (Barcelona)<\/a><\/p>\n<div>Hoy hemos dividido la sessi\u00f3n en dos partes. Durante la primera hora, Fito nos ha mostrado referentes de poemas visuales y nos ha explicado qu\u00e9 eran las partituras visuales. Concretamente, hemos visto esto: Poetas visuales:1. Marina Abramovic: Marina Abramovic naci\u00f3 el 30 de noviembre del 1946 en Belgrad. Empez\u00f3 su carrera covirti\u00e9ndose en una de \u2026 <\/p>\n<p class=\"link-more\"><a href=\"https:\/\/blocsenresidencia.bcn.cat\/narcismonturiol2026\/sessio-5-29-oct\/\" class=\"more-link\">Continua llegint <span class=\"screen-reader-text\">\u00abSessi\u00f3 5 \u2013 29 oct\u00bb<\/span><\/a><\/p>\n<\/div>\n","protected":false},"excerpt":{"rendered":"<p>Des de Fito Conesa EN RESiD\u00c8NCiA a l\u2019Institut Narc\u00eds Monturiol (Barcelona) Hoy hemos dividido la sessi\u00f3n en dos partes. Durante la primera hora, Fito nos ha mostrado referentes de poemas visuales y nos ha explicado qu\u00e9 eran las partituras visuales. Concretamente, hemos visto esto: Poetas visuales:1. Marina Abramovic: Marina Abramovic naci\u00f3 el 30 de noviembre &hellip; <\/p>\n<p class=\"link-more\"><a href=\"\/20252026\/sessio-5-29-oct\/\" class=\"more-link\">Continua llegint <span class=\"screen-reader-text\">\u00abSessi\u00f3 5 \u2013 29 oct\u00bb<\/span><\/a><\/p>\n","protected":false},"author":4,"featured_media":0,"comment_status":"closed","ping_status":"closed","sticky":false,"template":"","format":"standard","meta":{"footnotes":""},"categories":[1],"tags":[],"class_list":["post-1517","post","type-post","status-publish","format-standard","hentry","category-general"],"_links":{"self":[{"href":"\/20252026\/wp-json\/wp\/v2\/posts\/1517","targetHints":{"allow":["GET"]}}],"collection":[{"href":"\/20252026\/wp-json\/wp\/v2\/posts"}],"about":[{"href":"\/20252026\/wp-json\/wp\/v2\/types\/post"}],"author":[{"embeddable":true,"href":"\/20252026\/wp-json\/wp\/v2\/users\/4"}],"replies":[{"embeddable":true,"href":"\/20252026\/wp-json\/wp\/v2\/comments?post=1517"}],"version-history":[{"count":0,"href":"\/20252026\/wp-json\/wp\/v2\/posts\/1517\/revisions"}],"wp:attachment":[{"href":"\/20252026\/wp-json\/wp\/v2\/media?parent=1517"}],"wp:term":[{"taxonomy":"category","embeddable":true,"href":"\/20252026\/wp-json\/wp\/v2\/categories?post=1517"},{"taxonomy":"post_tag","embeddable":true,"href":"\/20252026\/wp-json\/wp\/v2\/tags?post=1517"}],"curies":[{"name":"wp","href":"https:\/\/api.w.org\/{rel}","templated":true}]}}