{"id":1519,"date":"2025-11-17T12:30:13","date_gmt":"2025-11-17T10:30:13","guid":{"rendered":"\/20252026\/comencem-el-projecte-que-entenem-per-art\/"},"modified":"2025-11-17T12:30:13","modified_gmt":"2025-11-17T10:30:13","slug":"comencem-el-projecte-que-entenem-per-art","status":"publish","type":"post","link":"\/20252026\/comencem-el-projecte-que-entenem-per-art\/","title":{"rendered":"Comencem el projecte: qu\u00e8 entenem per art?"},"content":{"rendered":"<p>Des de <a href=\"https:\/\/blocsenresidencia.bcn.cat\/serratibonastre2026\/comencem-el-projecte-que-entenem-per-art\/\">Helena Civit EN RESiD\u00c8NCiA a l\u2019Institut Josep Serrat i Bonastre (Barcelona)<\/a><\/p>\n<div>Hola! Som l\u2019alumnat de 4t d\u2019ESO de l\u2019Institut Josep Serrat i Bonastre i estem molt contents de participar en el programa En Resid\u00e8ncia! \u00b4 La primera sessi\u00f3 la vam dedicar a parlar sobre qu\u00e8 \u00e9s l\u2019art. Ens va mostrar imatges de pintures, escultures, fotografies i fins i tot objectes quotidians, convidant-nos a reflexionar sobre si \u2026 <\/p>\n<p class=\"link-more\"><a href=\"https:\/\/blocsenresidencia.bcn.cat\/serratibonastre2026\/comencem-el-projecte-que-entenem-per-art\/\" class=\"more-link\">Continua llegint <span class=\"screen-reader-text\">\u00abComencem el projecte: qu\u00e8 entenem per art?\u00bb<\/span><\/a><\/p>\n<\/div>\n","protected":false},"excerpt":{"rendered":"<p>Des de Helena Civit EN RESiD\u00c8NCiA a l\u2019Institut Josep Serrat i Bonastre (Barcelona) Hola! Som l\u2019alumnat de 4t d\u2019ESO de l\u2019Institut Josep Serrat i Bonastre i estem molt contents de participar en el programa En Resid\u00e8ncia! \u00b4 La primera sessi\u00f3 la vam dedicar a parlar sobre qu\u00e8 \u00e9s l\u2019art. Ens va mostrar imatges de pintures, &hellip; <\/p>\n<p class=\"link-more\"><a href=\"\/20252026\/comencem-el-projecte-que-entenem-per-art\/\" class=\"more-link\">Continua llegint <span class=\"screen-reader-text\">\u00abComencem el projecte: qu\u00e8 entenem per art?\u00bb<\/span><\/a><\/p>\n","protected":false},"author":4,"featured_media":0,"comment_status":"closed","ping_status":"closed","sticky":false,"template":"","format":"standard","meta":{"footnotes":""},"categories":[1],"tags":[],"class_list":["post-1519","post","type-post","status-publish","format-standard","hentry","category-general"],"_links":{"self":[{"href":"\/20252026\/wp-json\/wp\/v2\/posts\/1519","targetHints":{"allow":["GET"]}}],"collection":[{"href":"\/20252026\/wp-json\/wp\/v2\/posts"}],"about":[{"href":"\/20252026\/wp-json\/wp\/v2\/types\/post"}],"author":[{"embeddable":true,"href":"\/20252026\/wp-json\/wp\/v2\/users\/4"}],"replies":[{"embeddable":true,"href":"\/20252026\/wp-json\/wp\/v2\/comments?post=1519"}],"version-history":[{"count":0,"href":"\/20252026\/wp-json\/wp\/v2\/posts\/1519\/revisions"}],"wp:attachment":[{"href":"\/20252026\/wp-json\/wp\/v2\/media?parent=1519"}],"wp:term":[{"taxonomy":"category","embeddable":true,"href":"\/20252026\/wp-json\/wp\/v2\/categories?post=1519"},{"taxonomy":"post_tag","embeddable":true,"href":"\/20252026\/wp-json\/wp\/v2\/tags?post=1519"}],"curies":[{"name":"wp","href":"https:\/\/api.w.org\/{rel}","templated":true}]}}