{"id":1524,"date":"2025-11-18T00:03:52","date_gmt":"2025-11-17T22:03:52","guid":{"rendered":"\/20252026\/mes-doctubre-2a-part-treball-de-cos-en-grup-i-de-coordinacio\/"},"modified":"2025-11-18T00:03:52","modified_gmt":"2025-11-17T22:03:52","slug":"mes-doctubre-2a-part-treball-de-cos-en-grup-i-de-coordinacio","status":"publish","type":"post","link":"\/20252026\/mes-doctubre-2a-part-treball-de-cos-en-grup-i-de-coordinacio\/","title":{"rendered":"Mes d\u2019octubre 2a part. Treball de cos, en grup i de coordinaci\u00f3"},"content":{"rendered":"<p>Des de <a href=\"https:\/\/blocsenresidencia.bcn.cat\/sants2026\/mes-doctubre-2a-part-treball-de-cos-en-grup-i-de-coordinacio\/\">Carolina Torres Topaga EN RESiD\u00c8NCiA a l\u2019Institut Sants (Barcelona)<\/a><\/p>\n<div>Durant la tercera sessi\u00f3 es va proposar una activitat de creaci\u00f3 fotogr\u00e0fica al voltant del tema de Palestina. Cada estudiant va elaborar una imatge individual i, posteriorment, es va realitzar una composici\u00f3 grupal. L\u2019objectiu era explorar qu\u00e8 sabien sobre el tema i com percebien el m\u00f3n a la seva edat. El grup es va mantenir \u2026 <\/p>\n<p class=\"link-more\"><a href=\"https:\/\/blocsenresidencia.bcn.cat\/sants2026\/mes-doctubre-2a-part-treball-de-cos-en-grup-i-de-coordinacio\/\" class=\"more-link\">Continua llegint <span class=\"screen-reader-text\">\u00abMes d\u2019octubre 2a part. Treball de cos, en grup i de coordinaci\u00f3\u00bb<\/span><\/a><\/p>\n<\/div>\n","protected":false},"excerpt":{"rendered":"<p>Des de Carolina Torres Topaga EN RESiD\u00c8NCiA a l\u2019Institut Sants (Barcelona) Durant la tercera sessi\u00f3 es va proposar una activitat de creaci\u00f3 fotogr\u00e0fica al voltant del tema de Palestina. Cada estudiant va elaborar una imatge individual i, posteriorment, es va realitzar una composici\u00f3 grupal. L\u2019objectiu era explorar qu\u00e8 sabien sobre el tema i com percebien &hellip; <\/p>\n<p class=\"link-more\"><a href=\"\/20252026\/mes-doctubre-2a-part-treball-de-cos-en-grup-i-de-coordinacio\/\" class=\"more-link\">Continua llegint <span class=\"screen-reader-text\">\u00abMes d\u2019octubre 2a part. Treball de cos, en grup i de coordinaci\u00f3\u00bb<\/span><\/a><\/p>\n","protected":false},"author":4,"featured_media":0,"comment_status":"closed","ping_status":"closed","sticky":false,"template":"","format":"standard","meta":{"footnotes":""},"categories":[1],"tags":[],"class_list":["post-1524","post","type-post","status-publish","format-standard","hentry","category-general"],"_links":{"self":[{"href":"\/20252026\/wp-json\/wp\/v2\/posts\/1524","targetHints":{"allow":["GET"]}}],"collection":[{"href":"\/20252026\/wp-json\/wp\/v2\/posts"}],"about":[{"href":"\/20252026\/wp-json\/wp\/v2\/types\/post"}],"author":[{"embeddable":true,"href":"\/20252026\/wp-json\/wp\/v2\/users\/4"}],"replies":[{"embeddable":true,"href":"\/20252026\/wp-json\/wp\/v2\/comments?post=1524"}],"version-history":[{"count":0,"href":"\/20252026\/wp-json\/wp\/v2\/posts\/1524\/revisions"}],"wp:attachment":[{"href":"\/20252026\/wp-json\/wp\/v2\/media?parent=1524"}],"wp:term":[{"taxonomy":"category","embeddable":true,"href":"\/20252026\/wp-json\/wp\/v2\/categories?post=1524"},{"taxonomy":"post_tag","embeddable":true,"href":"\/20252026\/wp-json\/wp\/v2\/tags?post=1524"}],"curies":[{"name":"wp","href":"https:\/\/api.w.org\/{rel}","templated":true}]}}