{"id":1528,"date":"2025-11-21T00:03:19","date_gmt":"2025-11-20T22:03:19","guid":{"rendered":"\/20252026\/sortida-al-museu-morera-descobrint-leandre-cristofol-amb-3r-deso\/"},"modified":"2025-11-21T00:03:19","modified_gmt":"2025-11-20T22:03:19","slug":"sortida-al-museu-morera-descobrint-leandre-cristofol-amb-3r-deso","status":"publish","type":"post","link":"\/20252026\/sortida-al-museu-morera-descobrint-leandre-cristofol-amb-3r-deso\/","title":{"rendered":"Sortida al Museu Morera: Descobrint Leandre Crist\u00f2fol amb 3r d\u2019ESO"},"content":{"rendered":"<p>Des de <a href=\"https:\/\/blocsenresidencia.bcn.cat\/torrevicens2026\/sortida-al-museu-morera-descobrint-leandre-cristofol-amb-3r-deso\/\">Marta Bisbal  EN RESiD\u00c8NCiA a l\u2019Institut Torre Vicens<\/a><\/p>\n<div>Alumnes que treballen el projecte En Resid\u00e8ncia. El dia 13 de novembre, els alumnes de 3r d\u2019ESO van viure una experi\u00e8ncia art\u00edstica molt especial en la visita al Museu Morera de Lleida dins del projecte En Resid\u00e8ncia. Durant la sortida, l\u2019alumnat va tenir l\u2019oportunitat d\u2019endinsar-se en el m\u00f3n creatiu de Leandre Crist\u00f2fol, un dels artistes \u2026 <\/p>\n<p class=\"link-more\"><a href=\"https:\/\/blocsenresidencia.bcn.cat\/torrevicens2026\/sortida-al-museu-morera-descobrint-leandre-cristofol-amb-3r-deso\/\" class=\"more-link\">Continua llegint <span class=\"screen-reader-text\">\u00abSortida al Museu Morera: Descobrint Leandre Crist\u00f2fol amb 3r d\u2019ESO\u00bb<\/span><\/a><\/p>\n<\/div>\n","protected":false},"excerpt":{"rendered":"<p>Des de Marta Bisbal EN RESiD\u00c8NCiA a l\u2019Institut Torre Vicens Alumnes que treballen el projecte En Resid\u00e8ncia. El dia 13 de novembre, els alumnes de 3r d\u2019ESO van viure una experi\u00e8ncia art\u00edstica molt especial en la visita al Museu Morera de Lleida dins del projecte En Resid\u00e8ncia. Durant la sortida, l\u2019alumnat va tenir l\u2019oportunitat d\u2019endinsar-se &hellip; <\/p>\n<p class=\"link-more\"><a href=\"\/20252026\/sortida-al-museu-morera-descobrint-leandre-cristofol-amb-3r-deso\/\" class=\"more-link\">Continua llegint <span class=\"screen-reader-text\">\u00abSortida al Museu Morera: Descobrint Leandre Crist\u00f2fol amb 3r d\u2019ESO\u00bb<\/span><\/a><\/p>\n","protected":false},"author":4,"featured_media":0,"comment_status":"closed","ping_status":"closed","sticky":false,"template":"","format":"standard","meta":{"footnotes":""},"categories":[1],"tags":[],"class_list":["post-1528","post","type-post","status-publish","format-standard","hentry","category-general"],"_links":{"self":[{"href":"\/20252026\/wp-json\/wp\/v2\/posts\/1528","targetHints":{"allow":["GET"]}}],"collection":[{"href":"\/20252026\/wp-json\/wp\/v2\/posts"}],"about":[{"href":"\/20252026\/wp-json\/wp\/v2\/types\/post"}],"author":[{"embeddable":true,"href":"\/20252026\/wp-json\/wp\/v2\/users\/4"}],"replies":[{"embeddable":true,"href":"\/20252026\/wp-json\/wp\/v2\/comments?post=1528"}],"version-history":[{"count":0,"href":"\/20252026\/wp-json\/wp\/v2\/posts\/1528\/revisions"}],"wp:attachment":[{"href":"\/20252026\/wp-json\/wp\/v2\/media?parent=1528"}],"wp:term":[{"taxonomy":"category","embeddable":true,"href":"\/20252026\/wp-json\/wp\/v2\/categories?post=1528"},{"taxonomy":"post_tag","embeddable":true,"href":"\/20252026\/wp-json\/wp\/v2\/tags?post=1528"}],"curies":[{"name":"wp","href":"https:\/\/api.w.org\/{rel}","templated":true}]}}