{"id":1529,"date":"2025-11-21T12:18:58","date_gmt":"2025-11-21T10:18:58","guid":{"rendered":"\/20252026\/primeres-sessions-al-museu-tapies\/"},"modified":"2025-11-21T12:18:58","modified_gmt":"2025-11-21T10:18:58","slug":"primeres-sessions-al-museu-tapies","status":"publish","type":"post","link":"\/20252026\/primeres-sessions-al-museu-tapies\/","title":{"rendered":"Primeres sessions al Museu T\u00e0pies"},"content":{"rendered":"<p>Des de <a href=\"https:\/\/blocsenresidencia.bcn.cat\/eixample2026\/primeres-sessions-al-museu-tapies\/\">B\u00e0rbara Mestanza EN RESiD\u00c8NCiA a l\u2019Institut Escola Eixample (Barcelona)<\/a><\/p>\n<div>Jo crec que en l\u2019espai que estem treballant est\u00e0 molt b\u00e9 perqu\u00e8 \u00e9s un espai molt c\u00f2mode i sense tant soroll tamb\u00e9 el que m\u2019agrada \u00e9s que \u00e9s una habitaci\u00f3 que est\u00e0 buida llavors tenim molt d\u2019espai per assajar. I sobre l\u2019assaig, m\u2019agrada l\u2019obra que estem fent. Daniel Turcios Crec que est\u00e0 molt b\u00e9 tenir \u2026 <\/p>\n<p class=\"link-more\"><a href=\"https:\/\/blocsenresidencia.bcn.cat\/eixample2026\/primeres-sessions-al-museu-tapies\/\" class=\"more-link\">Continua llegint <span class=\"screen-reader-text\">\u00abPrimeres sessions al Museu T\u00e0pies\u00bb<\/span><\/a><\/p>\n<\/div>\n","protected":false},"excerpt":{"rendered":"<p>Des de B\u00e0rbara Mestanza EN RESiD\u00c8NCiA a l\u2019Institut Escola Eixample (Barcelona) Jo crec que en l\u2019espai que estem treballant est\u00e0 molt b\u00e9 perqu\u00e8 \u00e9s un espai molt c\u00f2mode i sense tant soroll tamb\u00e9 el que m\u2019agrada \u00e9s que \u00e9s una habitaci\u00f3 que est\u00e0 buida llavors tenim molt d\u2019espai per assajar. I sobre l\u2019assaig, m\u2019agrada l\u2019obra &hellip; <\/p>\n<p class=\"link-more\"><a href=\"\/20252026\/primeres-sessions-al-museu-tapies\/\" class=\"more-link\">Continua llegint <span class=\"screen-reader-text\">\u00abPrimeres sessions al Museu T\u00e0pies\u00bb<\/span><\/a><\/p>\n","protected":false},"author":4,"featured_media":0,"comment_status":"closed","ping_status":"closed","sticky":false,"template":"","format":"standard","meta":{"footnotes":""},"categories":[1],"tags":[],"class_list":["post-1529","post","type-post","status-publish","format-standard","hentry","category-general"],"_links":{"self":[{"href":"\/20252026\/wp-json\/wp\/v2\/posts\/1529","targetHints":{"allow":["GET"]}}],"collection":[{"href":"\/20252026\/wp-json\/wp\/v2\/posts"}],"about":[{"href":"\/20252026\/wp-json\/wp\/v2\/types\/post"}],"author":[{"embeddable":true,"href":"\/20252026\/wp-json\/wp\/v2\/users\/4"}],"replies":[{"embeddable":true,"href":"\/20252026\/wp-json\/wp\/v2\/comments?post=1529"}],"version-history":[{"count":0,"href":"\/20252026\/wp-json\/wp\/v2\/posts\/1529\/revisions"}],"wp:attachment":[{"href":"\/20252026\/wp-json\/wp\/v2\/media?parent=1529"}],"wp:term":[{"taxonomy":"category","embeddable":true,"href":"\/20252026\/wp-json\/wp\/v2\/categories?post=1529"},{"taxonomy":"post_tag","embeddable":true,"href":"\/20252026\/wp-json\/wp\/v2\/tags?post=1529"}],"curies":[{"name":"wp","href":"https:\/\/api.w.org\/{rel}","templated":true}]}}