{"id":1530,"date":"2025-11-22T00:26:50","date_gmt":"2025-11-21T22:26:50","guid":{"rendered":"\/20252026\/no-a-la-parra-amb-els-arbres\/"},"modified":"2025-11-22T00:26:50","modified_gmt":"2025-11-21T22:26:50","slug":"no-a-la-parra-amb-els-arbres","status":"publish","type":"post","link":"\/20252026\/no-a-la-parra-amb-els-arbres\/","title":{"rendered":"No a la parra,\u2026 amb els arbres"},"content":{"rendered":"<p>Des de <a href=\"https:\/\/blocsenresidencia.bcn.cat\/pompeufabra2026\/no-a-la-parra-amb-els-arbres\/\">V\u00edctor Jaenada EN RESiD\u00c8NCiA a l&#8217;Institut Pompeu Fabra (Badalona)<\/a><\/p>\n<div>Ja sabem qui \u00e9s! V\u00edctor Jaenada s\u2019ha fet de pregar, la vida d\u2019artista requereix de gran dedicaci\u00f3. Encara no ens podem trobar perqu\u00e8 el V\u00edctor est\u00e0 muntant una exposici\u00f3 que properament inaugurar\u00e0 a Espinavessa, l\u2019 Alt Empord\u00e0. El V\u00edctor des d\u2019all\u00e0 ens envia uns v\u00eddeos perqu\u00e8 veiem on \u00e9s i qu\u00e8 est\u00e0 fent amb les \u2026 <\/p>\n<p class=\"link-more\"><a href=\"https:\/\/blocsenresidencia.bcn.cat\/pompeufabra2026\/no-a-la-parra-amb-els-arbres\/\" class=\"more-link\">Continua llegint <span class=\"screen-reader-text\">\u00abNo a la parra,\u2026 amb els arbres\u00bb<\/span><\/a><\/p>\n<\/div>\n","protected":false},"excerpt":{"rendered":"<p>Des de V\u00edctor Jaenada EN RESiD\u00c8NCiA a l&#8217;Institut Pompeu Fabra (Badalona) Ja sabem qui \u00e9s! V\u00edctor Jaenada s\u2019ha fet de pregar, la vida d\u2019artista requereix de gran dedicaci\u00f3. Encara no ens podem trobar perqu\u00e8 el V\u00edctor est\u00e0 muntant una exposici\u00f3 que properament inaugurar\u00e0 a Espinavessa, l\u2019 Alt Empord\u00e0. El V\u00edctor des d\u2019all\u00e0 ens envia uns &hellip; <\/p>\n<p class=\"link-more\"><a href=\"\/20252026\/no-a-la-parra-amb-els-arbres\/\" class=\"more-link\">Continua llegint <span class=\"screen-reader-text\">\u00abNo a la parra,\u2026 amb els arbres\u00bb<\/span><\/a><\/p>\n","protected":false},"author":4,"featured_media":0,"comment_status":"closed","ping_status":"closed","sticky":false,"template":"","format":"standard","meta":{"footnotes":""},"categories":[1],"tags":[],"class_list":["post-1530","post","type-post","status-publish","format-standard","hentry","category-general"],"_links":{"self":[{"href":"\/20252026\/wp-json\/wp\/v2\/posts\/1530","targetHints":{"allow":["GET"]}}],"collection":[{"href":"\/20252026\/wp-json\/wp\/v2\/posts"}],"about":[{"href":"\/20252026\/wp-json\/wp\/v2\/types\/post"}],"author":[{"embeddable":true,"href":"\/20252026\/wp-json\/wp\/v2\/users\/4"}],"replies":[{"embeddable":true,"href":"\/20252026\/wp-json\/wp\/v2\/comments?post=1530"}],"version-history":[{"count":0,"href":"\/20252026\/wp-json\/wp\/v2\/posts\/1530\/revisions"}],"wp:attachment":[{"href":"\/20252026\/wp-json\/wp\/v2\/media?parent=1530"}],"wp:term":[{"taxonomy":"category","embeddable":true,"href":"\/20252026\/wp-json\/wp\/v2\/categories?post=1530"},{"taxonomy":"post_tag","embeddable":true,"href":"\/20252026\/wp-json\/wp\/v2\/tags?post=1530"}],"curies":[{"name":"wp","href":"https:\/\/api.w.org\/{rel}","templated":true}]}}