{"id":1539,"date":"2025-11-27T01:14:03","date_gmt":"2025-11-26T23:14:03","guid":{"rendered":"\/20252026\/el-proces-creatiu-de-lespai-comu-amb-marta-bisbal\/"},"modified":"2025-11-27T01:14:03","modified_gmt":"2025-11-26T23:14:03","slug":"el-proces-creatiu-de-lespai-comu-amb-marta-bisbal","status":"publish","type":"post","link":"\/20252026\/el-proces-creatiu-de-lespai-comu-amb-marta-bisbal\/","title":{"rendered":"El proc\u00e9s creatiu de l\u2019espai com\u00fa amb Marta Bisbal"},"content":{"rendered":"<p>Des de <a href=\"https:\/\/blocsenresidencia.bcn.cat\/torrevicens2026\/el-proces-creatiu-de-lespai-comu-amb-marta-bisbal\/\">Marta Bisbal  EN RESiD\u00c8NCiA a l\u2019Institut Torre Vicens<\/a><\/p>\n<div>Dijous 20 de novembre v\u00e0rem viure una experi\u00e8ncia molt especial dins del projecte En Resid\u00e8ncia, gr\u00e0cies a la proposta de la Marta Bisbal, que ens va convidar a intervindre un espai del centre d\u2019una manera creativa i diferent. La seva idea era transformar un espai com\u00fa a trav\u00e9s de cabdells de llana, creant una xarxa \u2026 <\/p>\n<p class=\"link-more\"><a href=\"https:\/\/blocsenresidencia.bcn.cat\/torrevicens2026\/el-proces-creatiu-de-lespai-comu-amb-marta-bisbal\/\" class=\"more-link\">Continua llegint <span class=\"screen-reader-text\">\u00abEl proc\u00e9s creatiu de l\u2019espai com\u00fa amb Marta Bisbal\u00bb<\/span><\/a><\/p>\n<\/div>\n","protected":false},"excerpt":{"rendered":"<p>Des de Marta Bisbal EN RESiD\u00c8NCiA a l\u2019Institut Torre Vicens Dijous 20 de novembre v\u00e0rem viure una experi\u00e8ncia molt especial dins del projecte En Resid\u00e8ncia, gr\u00e0cies a la proposta de la Marta Bisbal, que ens va convidar a intervindre un espai del centre d\u2019una manera creativa i diferent. La seva idea era transformar un espai &hellip; <\/p>\n<p class=\"link-more\"><a href=\"\/20252026\/el-proces-creatiu-de-lespai-comu-amb-marta-bisbal\/\" class=\"more-link\">Continua llegint <span class=\"screen-reader-text\">\u00abEl proc\u00e9s creatiu de l\u2019espai com\u00fa amb Marta Bisbal\u00bb<\/span><\/a><\/p>\n","protected":false},"author":4,"featured_media":0,"comment_status":"closed","ping_status":"closed","sticky":false,"template":"","format":"standard","meta":{"footnotes":""},"categories":[1],"tags":[],"class_list":["post-1539","post","type-post","status-publish","format-standard","hentry","category-general"],"_links":{"self":[{"href":"\/20252026\/wp-json\/wp\/v2\/posts\/1539","targetHints":{"allow":["GET"]}}],"collection":[{"href":"\/20252026\/wp-json\/wp\/v2\/posts"}],"about":[{"href":"\/20252026\/wp-json\/wp\/v2\/types\/post"}],"author":[{"embeddable":true,"href":"\/20252026\/wp-json\/wp\/v2\/users\/4"}],"replies":[{"embeddable":true,"href":"\/20252026\/wp-json\/wp\/v2\/comments?post=1539"}],"version-history":[{"count":0,"href":"\/20252026\/wp-json\/wp\/v2\/posts\/1539\/revisions"}],"wp:attachment":[{"href":"\/20252026\/wp-json\/wp\/v2\/media?parent=1539"}],"wp:term":[{"taxonomy":"category","embeddable":true,"href":"\/20252026\/wp-json\/wp\/v2\/categories?post=1539"},{"taxonomy":"post_tag","embeddable":true,"href":"\/20252026\/wp-json\/wp\/v2\/tags?post=1539"}],"curies":[{"name":"wp","href":"https:\/\/api.w.org\/{rel}","templated":true}]}}