{"id":1540,"date":"2025-12-03T00:29:39","date_gmt":"2025-12-02T22:29:39","guid":{"rendered":"\/20252026\/del-mas-fonollar-a-linstitut\/"},"modified":"2025-12-03T00:29:39","modified_gmt":"2025-12-02T22:29:39","slug":"del-mas-fonollar-a-linstitut","status":"publish","type":"post","link":"\/20252026\/del-mas-fonollar-a-linstitut\/","title":{"rendered":"Del Mas Fonollar a l\u2019Institut"},"content":{"rendered":"<p>Des de <a href=\"https:\/\/blocsenresidencia.bcn.cat\/bastida2026\/del-mas-fonollar-a-linstitut\/\">Carmela Mu\u00f1oz i Esther Sol\u00e9 Alarc\u00f3n EN RESiD\u00c8NCiA a l\u2019Institut La Bastida  (Santa Coloma de Gramenet)<\/a><\/p>\n<div>Avui, la nostra exploraci\u00f3 es fa m\u00e9s \u00edntima i canviem d\u2019escenari per investigar el nostre propi centre. Amb l\u2019Esther, hem comen\u00e7at a explorar l\u2019espai interior de l\u2019institut, mirant amb ulls nous els passadissos, les aules i els racons que habitem cada dia. Mentrestant, a l\u2019exterior, el treball amb la Carmela continua. L\u2019alumnat est\u00e0 immers en \u2026 <\/p>\n<p class=\"link-more\"><a href=\"https:\/\/blocsenresidencia.bcn.cat\/bastida2026\/del-mas-fonollar-a-linstitut\/\" class=\"more-link\">Continua llegint <span class=\"screen-reader-text\">\u00abDel Mas Fonollar a l\u2019Institut\u00bb<\/span><\/a><\/p>\n<\/div>\n","protected":false},"excerpt":{"rendered":"<p>Des de Carmela Mu\u00f1oz i Esther Sol\u00e9 Alarc\u00f3n EN RESiD\u00c8NCiA a l\u2019Institut La Bastida (Santa Coloma de Gramenet) Avui, la nostra exploraci\u00f3 es fa m\u00e9s \u00edntima i canviem d\u2019escenari per investigar el nostre propi centre. Amb l\u2019Esther, hem comen\u00e7at a explorar l\u2019espai interior de l\u2019institut, mirant amb ulls nous els passadissos, les aules i els &hellip; <\/p>\n<p class=\"link-more\"><a href=\"\/20252026\/del-mas-fonollar-a-linstitut\/\" class=\"more-link\">Continua llegint <span class=\"screen-reader-text\">\u00abDel Mas Fonollar a l\u2019Institut\u00bb<\/span><\/a><\/p>\n","protected":false},"author":4,"featured_media":0,"comment_status":"closed","ping_status":"closed","sticky":false,"template":"","format":"standard","meta":{"footnotes":""},"categories":[1],"tags":[],"class_list":["post-1540","post","type-post","status-publish","format-standard","hentry","category-general"],"_links":{"self":[{"href":"\/20252026\/wp-json\/wp\/v2\/posts\/1540","targetHints":{"allow":["GET"]}}],"collection":[{"href":"\/20252026\/wp-json\/wp\/v2\/posts"}],"about":[{"href":"\/20252026\/wp-json\/wp\/v2\/types\/post"}],"author":[{"embeddable":true,"href":"\/20252026\/wp-json\/wp\/v2\/users\/4"}],"replies":[{"embeddable":true,"href":"\/20252026\/wp-json\/wp\/v2\/comments?post=1540"}],"version-history":[{"count":0,"href":"\/20252026\/wp-json\/wp\/v2\/posts\/1540\/revisions"}],"wp:attachment":[{"href":"\/20252026\/wp-json\/wp\/v2\/media?parent=1540"}],"wp:term":[{"taxonomy":"category","embeddable":true,"href":"\/20252026\/wp-json\/wp\/v2\/categories?post=1540"},{"taxonomy":"post_tag","embeddable":true,"href":"\/20252026\/wp-json\/wp\/v2\/tags?post=1540"}],"curies":[{"name":"wp","href":"https:\/\/api.w.org\/{rel}","templated":true}]}}