{"id":1541,"date":"2025-12-03T00:29:39","date_gmt":"2025-12-02T22:29:39","guid":{"rendered":"\/20252026\/punt-dinflexio\/"},"modified":"2025-12-03T00:29:39","modified_gmt":"2025-12-02T22:29:39","slug":"punt-dinflexio","status":"publish","type":"post","link":"\/20252026\/punt-dinflexio\/","title":{"rendered":"Punt d\u2019Inflexi\u00f3"},"content":{"rendered":"<p>Des de <a href=\"https:\/\/blocsenresidencia.bcn.cat\/bastida2026\/punt-dinflexio\/\">Carmela Mu\u00f1oz i Esther Sol\u00e9 Alarc\u00f3n EN RESiD\u00c8NCiA a l\u2019Institut La Bastida  (Santa Coloma de Gramenet)<\/a><\/p>\n<div>El passat 11 de novembre vam tornar a la nostra base d\u2019operacions, el Mas Fonollar, per\u00f2 aquesta vegada, a m\u00e9s de moure\u2019ns, hem fet una sessi\u00f3 de treball conjunta per revisar el proc\u00e9s i el futur immediat. Estem molt il\u00b7lusionats i il\u00b7lusionades perqu\u00e8 ben aviat anirem a veure un assaig de l\u2019Esther i la Carmela! \u2026 <\/p>\n<p class=\"link-more\"><a href=\"https:\/\/blocsenresidencia.bcn.cat\/bastida2026\/punt-dinflexio\/\" class=\"more-link\">Continua llegint <span class=\"screen-reader-text\">\u00abPunt d\u2019Inflexi\u00f3\u00bb<\/span><\/a><\/p>\n<\/div>\n","protected":false},"excerpt":{"rendered":"<p>Des de Carmela Mu\u00f1oz i Esther Sol\u00e9 Alarc\u00f3n EN RESiD\u00c8NCiA a l\u2019Institut La Bastida (Santa Coloma de Gramenet) El passat 11 de novembre vam tornar a la nostra base d\u2019operacions, el Mas Fonollar, per\u00f2 aquesta vegada, a m\u00e9s de moure\u2019ns, hem fet una sessi\u00f3 de treball conjunta per revisar el proc\u00e9s i el futur immediat. &hellip; <\/p>\n<p class=\"link-more\"><a href=\"\/20252026\/punt-dinflexio\/\" class=\"more-link\">Continua llegint <span class=\"screen-reader-text\">\u00abPunt d\u2019Inflexi\u00f3\u00bb<\/span><\/a><\/p>\n","protected":false},"author":4,"featured_media":0,"comment_status":"closed","ping_status":"closed","sticky":false,"template":"","format":"standard","meta":{"footnotes":""},"categories":[1],"tags":[],"class_list":["post-1541","post","type-post","status-publish","format-standard","hentry","category-general"],"_links":{"self":[{"href":"\/20252026\/wp-json\/wp\/v2\/posts\/1541","targetHints":{"allow":["GET"]}}],"collection":[{"href":"\/20252026\/wp-json\/wp\/v2\/posts"}],"about":[{"href":"\/20252026\/wp-json\/wp\/v2\/types\/post"}],"author":[{"embeddable":true,"href":"\/20252026\/wp-json\/wp\/v2\/users\/4"}],"replies":[{"embeddable":true,"href":"\/20252026\/wp-json\/wp\/v2\/comments?post=1541"}],"version-history":[{"count":0,"href":"\/20252026\/wp-json\/wp\/v2\/posts\/1541\/revisions"}],"wp:attachment":[{"href":"\/20252026\/wp-json\/wp\/v2\/media?parent=1541"}],"wp:term":[{"taxonomy":"category","embeddable":true,"href":"\/20252026\/wp-json\/wp\/v2\/categories?post=1541"},{"taxonomy":"post_tag","embeddable":true,"href":"\/20252026\/wp-json\/wp\/v2\/tags?post=1541"}],"curies":[{"name":"wp","href":"https:\/\/api.w.org\/{rel}","templated":true}]}}