{"id":1542,"date":"2025-12-03T00:29:39","date_gmt":"2025-12-02T22:29:39","guid":{"rendered":"\/20252026\/visita-a-fabra-i-coats-dins-el-proces-de-creacio\/"},"modified":"2025-12-03T00:29:39","modified_gmt":"2025-12-02T22:29:39","slug":"visita-a-fabra-i-coats-dins-el-proces-de-creacio","status":"publish","type":"post","link":"\/20252026\/visita-a-fabra-i-coats-dins-el-proces-de-creacio\/","title":{"rendered":"Visita a Fabra i Coats: Dins el Proc\u00e9s de Creaci\u00f3!"},"content":{"rendered":"<p>Des de <a href=\"https:\/\/blocsenresidencia.bcn.cat\/bastida2026\/visita-a-fabra-i-coats-dins-el-proces-de-creacio\/\">Carmela Mu\u00f1oz i Esther Sol\u00e9 Alarc\u00f3n EN RESiD\u00c8NCiA a l\u2019Institut La Bastida  (Santa Coloma de Gramenet)<\/a><\/p>\n<div>El 20 de novembre, el projecte va fer un salt important. Vam visitar les instal\u00b7lacions de Fabra i Coats: F\u00e0brica de Creaci\u00f3 a Barcelona, un espai fascinant. Gr\u00e0cies a les integrants de La Poderosa, que ens acompanyen en el projecte, vam con\u00e8ixer l\u2019espai per dins. El punt fort va ser poder assistir a l\u2019assaig de \u2026 <\/p>\n<p class=\"link-more\"><a href=\"https:\/\/blocsenresidencia.bcn.cat\/bastida2026\/visita-a-fabra-i-coats-dins-el-proces-de-creacio\/\" class=\"more-link\">Continua llegint <span class=\"screen-reader-text\">\u00abVisita a Fabra i Coats: Dins el Proc\u00e9s de Creaci\u00f3!\u00bb<\/span><\/a><\/p>\n<\/div>\n","protected":false},"excerpt":{"rendered":"<p>Des de Carmela Mu\u00f1oz i Esther Sol\u00e9 Alarc\u00f3n EN RESiD\u00c8NCiA a l\u2019Institut La Bastida (Santa Coloma de Gramenet) El 20 de novembre, el projecte va fer un salt important. Vam visitar les instal\u00b7lacions de Fabra i Coats: F\u00e0brica de Creaci\u00f3 a Barcelona, un espai fascinant. Gr\u00e0cies a les integrants de La Poderosa, que ens acompanyen &hellip; <\/p>\n<p class=\"link-more\"><a href=\"\/20252026\/visita-a-fabra-i-coats-dins-el-proces-de-creacio\/\" class=\"more-link\">Continua llegint <span class=\"screen-reader-text\">\u00abVisita a Fabra i Coats: Dins el Proc\u00e9s de Creaci\u00f3!\u00bb<\/span><\/a><\/p>\n","protected":false},"author":4,"featured_media":0,"comment_status":"closed","ping_status":"closed","sticky":false,"template":"","format":"standard","meta":{"footnotes":""},"categories":[1],"tags":[],"class_list":["post-1542","post","type-post","status-publish","format-standard","hentry","category-general"],"_links":{"self":[{"href":"\/20252026\/wp-json\/wp\/v2\/posts\/1542","targetHints":{"allow":["GET"]}}],"collection":[{"href":"\/20252026\/wp-json\/wp\/v2\/posts"}],"about":[{"href":"\/20252026\/wp-json\/wp\/v2\/types\/post"}],"author":[{"embeddable":true,"href":"\/20252026\/wp-json\/wp\/v2\/users\/4"}],"replies":[{"embeddable":true,"href":"\/20252026\/wp-json\/wp\/v2\/comments?post=1542"}],"version-history":[{"count":0,"href":"\/20252026\/wp-json\/wp\/v2\/posts\/1542\/revisions"}],"wp:attachment":[{"href":"\/20252026\/wp-json\/wp\/v2\/media?parent=1542"}],"wp:term":[{"taxonomy":"category","embeddable":true,"href":"\/20252026\/wp-json\/wp\/v2\/categories?post=1542"},{"taxonomy":"post_tag","embeddable":true,"href":"\/20252026\/wp-json\/wp\/v2\/tags?post=1542"}],"curies":[{"name":"wp","href":"https:\/\/api.w.org\/{rel}","templated":true}]}}