{"id":1545,"date":"2025-12-03T00:29:42","date_gmt":"2025-12-02T22:29:42","guid":{"rendered":"\/20252026\/pautes-per-la-creacio-novembre\/"},"modified":"2025-12-03T00:29:42","modified_gmt":"2025-12-02T22:29:42","slug":"pautes-per-la-creacio-novembre","status":"publish","type":"post","link":"\/20252026\/pautes-per-la-creacio-novembre\/","title":{"rendered":"Pautes per la creaci\u00f3 \u2013 Novembre"},"content":{"rendered":"<p>Des de <a href=\"https:\/\/blocsenresidencia.bcn.cat\/angeletaferrer2026\/pautes-per-la-creacio-novembre\/\">Albert Quesada EN RESiD\u00c8NCiA a l\u2019Institut Angeleta Ferrer (Barcelona)<\/a><\/p>\n<div>Aquestes setmanes hem compartit amb l\u2019Albert diferents exercicis de creaci\u00f3 esc\u00e8nica. Gr\u00e0cies al visionat de v\u00eddeos i el seguiment de pautes de moviment estem comen\u00e7ant a trobar seq\u00fc\u00e8ncies i qualitats de moviment amb potencial esc\u00e8nic.\u00a0 S\u00f3n exercicis similars al que ens imaginem quan pensem en un proc\u00e9s de creaci\u00f3 contempor\u00e0nia. Ens preguntem com aquestes formes \u2026 <\/p>\n<p class=\"link-more\"><a href=\"https:\/\/blocsenresidencia.bcn.cat\/angeletaferrer2026\/pautes-per-la-creacio-novembre\/\" class=\"more-link\">Continua llegint <span class=\"screen-reader-text\">\u00abPautes per la creaci\u00f3 \u2013 Novembre\u00bb<\/span><\/a><\/p>\n<\/div>\n","protected":false},"excerpt":{"rendered":"<p>Des de Albert Quesada EN RESiD\u00c8NCiA a l\u2019Institut Angeleta Ferrer (Barcelona) Aquestes setmanes hem compartit amb l\u2019Albert diferents exercicis de creaci\u00f3 esc\u00e8nica. Gr\u00e0cies al visionat de v\u00eddeos i el seguiment de pautes de moviment estem comen\u00e7ant a trobar seq\u00fc\u00e8ncies i qualitats de moviment amb potencial esc\u00e8nic.\u00a0 S\u00f3n exercicis similars al que ens imaginem quan pensem &hellip; <\/p>\n<p class=\"link-more\"><a href=\"\/20252026\/pautes-per-la-creacio-novembre\/\" class=\"more-link\">Continua llegint <span class=\"screen-reader-text\">\u00abPautes per la creaci\u00f3 \u2013 Novembre\u00bb<\/span><\/a><\/p>\n","protected":false},"author":4,"featured_media":0,"comment_status":"closed","ping_status":"closed","sticky":false,"template":"","format":"standard","meta":{"footnotes":""},"categories":[1],"tags":[],"class_list":["post-1545","post","type-post","status-publish","format-standard","hentry","category-general"],"_links":{"self":[{"href":"\/20252026\/wp-json\/wp\/v2\/posts\/1545","targetHints":{"allow":["GET"]}}],"collection":[{"href":"\/20252026\/wp-json\/wp\/v2\/posts"}],"about":[{"href":"\/20252026\/wp-json\/wp\/v2\/types\/post"}],"author":[{"embeddable":true,"href":"\/20252026\/wp-json\/wp\/v2\/users\/4"}],"replies":[{"embeddable":true,"href":"\/20252026\/wp-json\/wp\/v2\/comments?post=1545"}],"version-history":[{"count":0,"href":"\/20252026\/wp-json\/wp\/v2\/posts\/1545\/revisions"}],"wp:attachment":[{"href":"\/20252026\/wp-json\/wp\/v2\/media?parent=1545"}],"wp:term":[{"taxonomy":"category","embeddable":true,"href":"\/20252026\/wp-json\/wp\/v2\/categories?post=1545"},{"taxonomy":"post_tag","embeddable":true,"href":"\/20252026\/wp-json\/wp\/v2\/tags?post=1545"}],"curies":[{"name":"wp","href":"https:\/\/api.w.org\/{rel}","templated":true}]}}