{"id":1548,"date":"2025-12-05T02:12:16","date_gmt":"2025-12-05T00:12:16","guid":{"rendered":"\/20252026\/novembre-noticies-coreografies-reflexions-i-treball-en-grup\/"},"modified":"2025-12-05T02:12:16","modified_gmt":"2025-12-05T00:12:16","slug":"novembre-noticies-coreografies-reflexions-i-treball-en-grup","status":"publish","type":"post","link":"\/20252026\/novembre-noticies-coreografies-reflexions-i-treball-en-grup\/","title":{"rendered":"Novembre : not\u00edcies, coreografies, reflexions i treball en grup"},"content":{"rendered":"<p>Des de <a href=\"https:\/\/blocsenresidencia.bcn.cat\/sants2026\/novembre-noticies-coreografies-reflexions-i-treball-en-grup\/\">Carolina Torres Topaga EN RESiD\u00c8NCiA a l\u2019Institut Sants (Barcelona)<\/a><\/p>\n<div>Una Experi\u00e8ncia Educativa Viva: Diaris, L\u00ednies i Reflexions La sessi\u00f3 d\u2019avui amb els diaris va ser extraordin\u00e0ria. Per a molts dels participants, era la primera vegada que sostenien un diari f\u00edsic; alguns ni tan sols sabien com obrir-lo. Al principi, va haver-hi comentaris com: \u201cAi, aquest est\u00e0 trencat\u201d. Va ser un comen\u00e7ament tan genu\u00ed que \u2026 <\/p>\n<p class=\"link-more\"><a href=\"https:\/\/blocsenresidencia.bcn.cat\/sants2026\/novembre-noticies-coreografies-reflexions-i-treball-en-grup\/\" class=\"more-link\">Continua llegint <span class=\"screen-reader-text\">\u00abNovembre : not\u00edcies, coreografies, reflexions i treball en grup\u00bb<\/span><\/a><\/p>\n<\/div>\n","protected":false},"excerpt":{"rendered":"<p>Des de Carolina Torres Topaga EN RESiD\u00c8NCiA a l\u2019Institut Sants (Barcelona) Una Experi\u00e8ncia Educativa Viva: Diaris, L\u00ednies i Reflexions La sessi\u00f3 d\u2019avui amb els diaris va ser extraordin\u00e0ria. Per a molts dels participants, era la primera vegada que sostenien un diari f\u00edsic; alguns ni tan sols sabien com obrir-lo. Al principi, va haver-hi comentaris com: &hellip; <\/p>\n<p class=\"link-more\"><a href=\"\/20252026\/novembre-noticies-coreografies-reflexions-i-treball-en-grup\/\" class=\"more-link\">Continua llegint <span class=\"screen-reader-text\">\u00abNovembre : not\u00edcies, coreografies, reflexions i treball en grup\u00bb<\/span><\/a><\/p>\n","protected":false},"author":4,"featured_media":0,"comment_status":"closed","ping_status":"closed","sticky":false,"template":"","format":"standard","meta":{"footnotes":""},"categories":[1],"tags":[],"class_list":["post-1548","post","type-post","status-publish","format-standard","hentry","category-general"],"_links":{"self":[{"href":"\/20252026\/wp-json\/wp\/v2\/posts\/1548","targetHints":{"allow":["GET"]}}],"collection":[{"href":"\/20252026\/wp-json\/wp\/v2\/posts"}],"about":[{"href":"\/20252026\/wp-json\/wp\/v2\/types\/post"}],"author":[{"embeddable":true,"href":"\/20252026\/wp-json\/wp\/v2\/users\/4"}],"replies":[{"embeddable":true,"href":"\/20252026\/wp-json\/wp\/v2\/comments?post=1548"}],"version-history":[{"count":0,"href":"\/20252026\/wp-json\/wp\/v2\/posts\/1548\/revisions"}],"wp:attachment":[{"href":"\/20252026\/wp-json\/wp\/v2\/media?parent=1548"}],"wp:term":[{"taxonomy":"category","embeddable":true,"href":"\/20252026\/wp-json\/wp\/v2\/categories?post=1548"},{"taxonomy":"post_tag","embeddable":true,"href":"\/20252026\/wp-json\/wp\/v2\/tags?post=1548"}],"curies":[{"name":"wp","href":"https:\/\/api.w.org\/{rel}","templated":true}]}}