{"id":1558,"date":"2025-12-11T00:16:58","date_gmt":"2025-12-10T22:16:58","guid":{"rendered":"\/20252026\/la-familiaels-pobleslorca-i-el-flamenco\/"},"modified":"2025-12-11T00:16:58","modified_gmt":"2025-12-10T22:16:58","slug":"la-familiaels-pobleslorca-i-el-flamenco","status":"publish","type":"post","link":"\/20252026\/la-familiaels-pobleslorca-i-el-flamenco\/","title":{"rendered":"LA FAM\u00cdLIA,ELS POBLES,LORCA I EL FLAMENCO"},"content":{"rendered":"<p>Des de <a href=\"https:\/\/blocsenresidencia.bcn.cat\/pompeufabra2026\/la-familiaels-pobleslorca-i-el-flamenco\/\">V\u00edctor Jaenada EN RESiD\u00c8NCiA a l&#8217;Institut Pompeu Fabra (Badalona)<\/a><\/p>\n<div>Com connectats per un cord\u00f3 umbilical com\u00fa, l\u2019alumnat ha obert un calaix personal que ha perm\u00e8s compartir amb la resta tem\u00e0tiques molt m\u00e9s \u00edntimes, plurals i diverses parlant de les seves fam\u00edlies, germans\/es, els pobles dels seus pares i avis, el que poden i no poden fer com adolescents,\u2026 De com se senten a l\u2019institut, \u2026 <\/p>\n<p class=\"link-more\"><a href=\"https:\/\/blocsenresidencia.bcn.cat\/pompeufabra2026\/la-familiaels-pobleslorca-i-el-flamenco\/\" class=\"more-link\">Continua llegint <span class=\"screen-reader-text\">\u00abLA FAM\u00cdLIA,ELS POBLES,LORCA I EL FLAMENCO\u00bb<\/span><\/a><\/p>\n<\/div>\n","protected":false},"excerpt":{"rendered":"<p>Des de V\u00edctor Jaenada EN RESiD\u00c8NCiA a l&#8217;Institut Pompeu Fabra (Badalona) Com connectats per un cord\u00f3 umbilical com\u00fa, l\u2019alumnat ha obert un calaix personal que ha perm\u00e8s compartir amb la resta tem\u00e0tiques molt m\u00e9s \u00edntimes, plurals i diverses parlant de les seves fam\u00edlies, germans\/es, els pobles dels seus pares i avis, el que poden i &hellip; <\/p>\n<p class=\"link-more\"><a href=\"\/20252026\/la-familiaels-pobleslorca-i-el-flamenco\/\" class=\"more-link\">Continua llegint <span class=\"screen-reader-text\">\u00abLA FAM\u00cdLIA,ELS POBLES,LORCA I EL FLAMENCO\u00bb<\/span><\/a><\/p>\n","protected":false},"author":4,"featured_media":0,"comment_status":"closed","ping_status":"closed","sticky":false,"template":"","format":"standard","meta":{"footnotes":""},"categories":[1],"tags":[],"class_list":["post-1558","post","type-post","status-publish","format-standard","hentry","category-general"],"_links":{"self":[{"href":"\/20252026\/wp-json\/wp\/v2\/posts\/1558","targetHints":{"allow":["GET"]}}],"collection":[{"href":"\/20252026\/wp-json\/wp\/v2\/posts"}],"about":[{"href":"\/20252026\/wp-json\/wp\/v2\/types\/post"}],"author":[{"embeddable":true,"href":"\/20252026\/wp-json\/wp\/v2\/users\/4"}],"replies":[{"embeddable":true,"href":"\/20252026\/wp-json\/wp\/v2\/comments?post=1558"}],"version-history":[{"count":0,"href":"\/20252026\/wp-json\/wp\/v2\/posts\/1558\/revisions"}],"wp:attachment":[{"href":"\/20252026\/wp-json\/wp\/v2\/media?parent=1558"}],"wp:term":[{"taxonomy":"category","embeddable":true,"href":"\/20252026\/wp-json\/wp\/v2\/categories?post=1558"},{"taxonomy":"post_tag","embeddable":true,"href":"\/20252026\/wp-json\/wp\/v2\/tags?post=1558"}],"curies":[{"name":"wp","href":"https:\/\/api.w.org\/{rel}","templated":true}]}}