{"id":1559,"date":"2025-12-16T00:58:34","date_gmt":"2025-12-15T22:58:34","guid":{"rendered":"\/20252026\/tancament-de-la-sessio-amb-la-maleta-del-leandre-cristofol-un-viatge-emocional-a-traves-de-lart-i-la-historia\/"},"modified":"2025-12-16T00:58:34","modified_gmt":"2025-12-15T22:58:34","slug":"tancament-de-la-sessio-amb-la-maleta-del-leandre-cristofol-un-viatge-emocional-a-traves-de-lart-i-la-historia","status":"publish","type":"post","link":"\/20252026\/tancament-de-la-sessio-amb-la-maleta-del-leandre-cristofol-un-viatge-emocional-a-traves-de-lart-i-la-historia\/","title":{"rendered":"Tancament de la sessi\u00f3 amb la Maleta del Leandre Crist\u00f2fol: Un viatge emocional a trav\u00e9s de l\u2019art i la hist\u00f2ria"},"content":{"rendered":"<p>Des de <a href=\"https:\/\/blocsenresidencia.bcn.cat\/torrevicens2026\/tancament-de-la-sessio-amb-la-maleta-del-leandre-cristofol-un-viatge-emocional-a-traves-de-lart-i-la-historia\/\">Marta Bisbal  EN RESiD\u00c8NCiA a l\u2019Institut Torre Vicens<\/a><\/p>\n<div>El dimarts 2 de desembre hem arribat al tancament d\u2019una etapa del nostre projecte en Resid\u00e8ncia amb els alumnes de 3r ESO E, i ho hem fem amb una sensaci\u00f3 d\u2019enriquiment profund i agra\u00efment per tot el que hem descobert i compartit. La Maleta del Leandre Crist\u00f2fol, una obra que ens va cedir generosament el \u2026 <\/p>\n<p class=\"link-more\"><a href=\"https:\/\/blocsenresidencia.bcn.cat\/torrevicens2026\/tancament-de-la-sessio-amb-la-maleta-del-leandre-cristofol-un-viatge-emocional-a-traves-de-lart-i-la-historia\/\" class=\"more-link\">Continua llegint <span class=\"screen-reader-text\">\u00abTancament de la sessi\u00f3 amb la Maleta del Leandre Crist\u00f2fol: Un viatge emocional a trav\u00e9s de l\u2019art i la hist\u00f2ria\u00bb<\/span><\/a><\/p>\n<\/div>\n","protected":false},"excerpt":{"rendered":"<p>Des de Marta Bisbal EN RESiD\u00c8NCiA a l\u2019Institut Torre Vicens El dimarts 2 de desembre hem arribat al tancament d\u2019una etapa del nostre projecte en Resid\u00e8ncia amb els alumnes de 3r ESO E, i ho hem fem amb una sensaci\u00f3 d\u2019enriquiment profund i agra\u00efment per tot el que hem descobert i compartit. La Maleta del &hellip; <\/p>\n<p class=\"link-more\"><a href=\"\/20252026\/tancament-de-la-sessio-amb-la-maleta-del-leandre-cristofol-un-viatge-emocional-a-traves-de-lart-i-la-historia\/\" class=\"more-link\">Continua llegint <span class=\"screen-reader-text\">\u00abTancament de la sessi\u00f3 amb la Maleta del Leandre Crist\u00f2fol: Un viatge emocional a trav\u00e9s de l\u2019art i la hist\u00f2ria\u00bb<\/span><\/a><\/p>\n","protected":false},"author":4,"featured_media":0,"comment_status":"closed","ping_status":"closed","sticky":false,"template":"","format":"standard","meta":{"footnotes":""},"categories":[1],"tags":[],"class_list":["post-1559","post","type-post","status-publish","format-standard","hentry","category-general"],"_links":{"self":[{"href":"\/20252026\/wp-json\/wp\/v2\/posts\/1559","targetHints":{"allow":["GET"]}}],"collection":[{"href":"\/20252026\/wp-json\/wp\/v2\/posts"}],"about":[{"href":"\/20252026\/wp-json\/wp\/v2\/types\/post"}],"author":[{"embeddable":true,"href":"\/20252026\/wp-json\/wp\/v2\/users\/4"}],"replies":[{"embeddable":true,"href":"\/20252026\/wp-json\/wp\/v2\/comments?post=1559"}],"version-history":[{"count":0,"href":"\/20252026\/wp-json\/wp\/v2\/posts\/1559\/revisions"}],"wp:attachment":[{"href":"\/20252026\/wp-json\/wp\/v2\/media?parent=1559"}],"wp:term":[{"taxonomy":"category","embeddable":true,"href":"\/20252026\/wp-json\/wp\/v2\/categories?post=1559"},{"taxonomy":"post_tag","embeddable":true,"href":"\/20252026\/wp-json\/wp\/v2\/tags?post=1559"}],"curies":[{"name":"wp","href":"https:\/\/api.w.org\/{rel}","templated":true}]}}