{"id":1561,"date":"2025-12-18T00:06:30","date_gmt":"2025-12-17T22:06:30","guid":{"rendered":"\/20252026\/un-desembre-ple-de-preguntes-descobertes-i-complicitats\/"},"modified":"2025-12-18T00:06:30","modified_gmt":"2025-12-17T22:06:30","slug":"un-desembre-ple-de-preguntes-descobertes-i-complicitats","status":"publish","type":"post","link":"\/20252026\/un-desembre-ple-de-preguntes-descobertes-i-complicitats\/","title":{"rendered":"Un desembre ple de preguntes, descobertes i complicitats"},"content":{"rendered":"<p>Des de <a href=\"https:\/\/blocsenresidencia.bcn.cat\/barribesos2026\/un-desembre-ple-de-preguntes-descobertes-i-complicitats\/\">Pablo Macho Otero EN RESiD\u00c8NCiA a l\u2019Institut Barri Bes\u00f2s (Barcelona)<\/a><\/p>\n<div>Aquest desembre ha estat un mes clau per al nostre proc\u00e9s EN RESiD\u00c8NCiA. Despr\u00e9s de setmanes d\u2019experimentar, provar i equivocar-nos sense por, hem comen\u00e7at a veure com algunes intu\u00efcions es transformen en idees m\u00e9s clares i compartides pel grup.\u200b Amb en Pablo Macho hem continuat explorant maneres diferents de mirar all\u00f2 que ens envolta: l\u2019institut, \u2026 <\/p>\n<p class=\"link-more\"><a href=\"https:\/\/blocsenresidencia.bcn.cat\/barribesos2026\/un-desembre-ple-de-preguntes-descobertes-i-complicitats\/\" class=\"more-link\">Continua llegint <span class=\"screen-reader-text\">\u00abUn desembre ple de preguntes, descobertes i complicitats\u00bb<\/span><\/a><\/p>\n<\/div>\n","protected":false},"excerpt":{"rendered":"<p>Des de Pablo Macho Otero EN RESiD\u00c8NCiA a l\u2019Institut Barri Bes\u00f2s (Barcelona) Aquest desembre ha estat un mes clau per al nostre proc\u00e9s EN RESiD\u00c8NCiA. Despr\u00e9s de setmanes d\u2019experimentar, provar i equivocar-nos sense por, hem comen\u00e7at a veure com algunes intu\u00efcions es transformen en idees m\u00e9s clares i compartides pel grup.\u200b Amb en Pablo Macho &hellip; <\/p>\n<p class=\"link-more\"><a href=\"\/20252026\/un-desembre-ple-de-preguntes-descobertes-i-complicitats\/\" class=\"more-link\">Continua llegint <span class=\"screen-reader-text\">\u00abUn desembre ple de preguntes, descobertes i complicitats\u00bb<\/span><\/a><\/p>\n","protected":false},"author":4,"featured_media":0,"comment_status":"closed","ping_status":"closed","sticky":false,"template":"","format":"standard","meta":{"footnotes":""},"categories":[1],"tags":[],"class_list":["post-1561","post","type-post","status-publish","format-standard","hentry","category-general"],"_links":{"self":[{"href":"\/20252026\/wp-json\/wp\/v2\/posts\/1561","targetHints":{"allow":["GET"]}}],"collection":[{"href":"\/20252026\/wp-json\/wp\/v2\/posts"}],"about":[{"href":"\/20252026\/wp-json\/wp\/v2\/types\/post"}],"author":[{"embeddable":true,"href":"\/20252026\/wp-json\/wp\/v2\/users\/4"}],"replies":[{"embeddable":true,"href":"\/20252026\/wp-json\/wp\/v2\/comments?post=1561"}],"version-history":[{"count":0,"href":"\/20252026\/wp-json\/wp\/v2\/posts\/1561\/revisions"}],"wp:attachment":[{"href":"\/20252026\/wp-json\/wp\/v2\/media?parent=1561"}],"wp:term":[{"taxonomy":"category","embeddable":true,"href":"\/20252026\/wp-json\/wp\/v2\/categories?post=1561"},{"taxonomy":"post_tag","embeddable":true,"href":"\/20252026\/wp-json\/wp\/v2\/tags?post=1561"}],"curies":[{"name":"wp","href":"https:\/\/api.w.org\/{rel}","templated":true}]}}