{"id":1565,"date":"2025-12-29T00:43:55","date_gmt":"2025-12-28T22:43:55","guid":{"rendered":"\/20252026\/artistes-i-mes-remoli\/"},"modified":"2025-12-29T00:43:55","modified_gmt":"2025-12-28T22:43:55","slug":"artistes-i-mes-remoli","status":"publish","type":"post","link":"\/20252026\/artistes-i-mes-remoli\/","title":{"rendered":"Artistes i m\u00e9s remol\u00ed"},"content":{"rendered":"<p>Des de <a href=\"https:\/\/blocsenresidencia.bcn.cat\/jaumebalmes2026\/artistes\/\">Paula Vicente EN RESiD\u00c8NCiA a l\u2019Institut Jaume Balmes (Barcelona)<\/a><\/p>\n<div>Hem comen\u00e7at la sessi\u00f3 veient v\u00eddeos de diferents artistes. La Paula ens ha mostrat fragments breus amb v\u00eddeos dels seus treballs i de diversos creadors contemporanis. Cada artista treballa amb materials o idees diferents. Aquests s\u00f3n els artistes que hem vist i, qu\u00e8 fa cadascun: Despr\u00e9s de visualitzar aquests v\u00eddeos, la Paula ens ha explicat \u2026 <\/p>\n<p class=\"link-more\"><a href=\"https:\/\/blocsenresidencia.bcn.cat\/jaumebalmes2026\/artistes\/\" class=\"more-link\">Continua llegint <span class=\"screen-reader-text\">\u00abArtistes i m\u00e9s remol\u00ed\u00bb<\/span><\/a><\/p>\n<\/div>\n","protected":false},"excerpt":{"rendered":"<p>Des de Paula Vicente EN RESiD\u00c8NCiA a l\u2019Institut Jaume Balmes (Barcelona) Hem comen\u00e7at la sessi\u00f3 veient v\u00eddeos de diferents artistes. La Paula ens ha mostrat fragments breus amb v\u00eddeos dels seus treballs i de diversos creadors contemporanis. Cada artista treballa amb materials o idees diferents. Aquests s\u00f3n els artistes que hem vist i, qu\u00e8 fa &hellip; <\/p>\n<p class=\"link-more\"><a href=\"\/20252026\/artistes-i-mes-remoli\/\" class=\"more-link\">Continua llegint <span class=\"screen-reader-text\">\u00abArtistes i m\u00e9s remol\u00ed\u00bb<\/span><\/a><\/p>\n","protected":false},"author":4,"featured_media":0,"comment_status":"closed","ping_status":"closed","sticky":false,"template":"","format":"standard","meta":{"footnotes":""},"categories":[1],"tags":[],"class_list":["post-1565","post","type-post","status-publish","format-standard","hentry","category-general"],"_links":{"self":[{"href":"\/20252026\/wp-json\/wp\/v2\/posts\/1565","targetHints":{"allow":["GET"]}}],"collection":[{"href":"\/20252026\/wp-json\/wp\/v2\/posts"}],"about":[{"href":"\/20252026\/wp-json\/wp\/v2\/types\/post"}],"author":[{"embeddable":true,"href":"\/20252026\/wp-json\/wp\/v2\/users\/4"}],"replies":[{"embeddable":true,"href":"\/20252026\/wp-json\/wp\/v2\/comments?post=1565"}],"version-history":[{"count":0,"href":"\/20252026\/wp-json\/wp\/v2\/posts\/1565\/revisions"}],"wp:attachment":[{"href":"\/20252026\/wp-json\/wp\/v2\/media?parent=1565"}],"wp:term":[{"taxonomy":"category","embeddable":true,"href":"\/20252026\/wp-json\/wp\/v2\/categories?post=1565"},{"taxonomy":"post_tag","embeddable":true,"href":"\/20252026\/wp-json\/wp\/v2\/tags?post=1565"}],"curies":[{"name":"wp","href":"https:\/\/api.w.org\/{rel}","templated":true}]}}