{"id":1570,"date":"2026-01-08T01:32:40","date_gmt":"2026-01-07T23:32:40","guid":{"rendered":"\/20252026\/visions-de-futur-i-reptes-compartits\/"},"modified":"2026-01-08T01:32:40","modified_gmt":"2026-01-07T23:32:40","slug":"visions-de-futur-i-reptes-compartits","status":"publish","type":"post","link":"\/20252026\/visions-de-futur-i-reptes-compartits\/","title":{"rendered":"Visions de futur i reptes compartits"},"content":{"rendered":"<p>Des de <a href=\"https:\/\/blocsenresidencia.bcn.cat\/bastida2026\/visions-de-futur-i-reptes-compartits\/\">Carmela Mu\u00f1oz i Esther Sol\u00e9 Alarc\u00f3n EN RESiD\u00c8NCiA a l\u2019Institut La Bastida  (Santa Coloma de Gramenet)<\/a><\/p>\n<div>El 16 de desembre vam treballar dividits en dos grups per seguir impulsant el projecte. Amb l\u2019Esther, una part de l\u2019alumnat va comen\u00e7ar a imaginar la mostra al professorat, reflexionant sobre qu\u00e8 volen aportar i quin paper vol tenir cadasc\u00fa dins de la creaci\u00f3 col\u00b7lectiva. L\u2019altre grup va viure una sessi\u00f3 d\u2019intercanvi molt especial: van \u2026 <\/p>\n<p class=\"link-more\"><a href=\"https:\/\/blocsenresidencia.bcn.cat\/bastida2026\/visions-de-futur-i-reptes-compartits\/\" class=\"more-link\">Continua llegint <span class=\"screen-reader-text\">\u00abVisions de futur i reptes compartits\u00bb<\/span><\/a><\/p>\n<\/div>\n","protected":false},"excerpt":{"rendered":"<p>Des de Carmela Mu\u00f1oz i Esther Sol\u00e9 Alarc\u00f3n EN RESiD\u00c8NCiA a l\u2019Institut La Bastida (Santa Coloma de Gramenet) El 16 de desembre vam treballar dividits en dos grups per seguir impulsant el projecte. Amb l\u2019Esther, una part de l\u2019alumnat va comen\u00e7ar a imaginar la mostra al professorat, reflexionant sobre qu\u00e8 volen aportar i quin paper &hellip; <\/p>\n<p class=\"link-more\"><a href=\"\/20252026\/visions-de-futur-i-reptes-compartits\/\" class=\"more-link\">Continua llegint <span class=\"screen-reader-text\">\u00abVisions de futur i reptes compartits\u00bb<\/span><\/a><\/p>\n","protected":false},"author":4,"featured_media":0,"comment_status":"closed","ping_status":"closed","sticky":false,"template":"","format":"standard","meta":{"footnotes":""},"categories":[1],"tags":[],"class_list":["post-1570","post","type-post","status-publish","format-standard","hentry","category-general"],"_links":{"self":[{"href":"\/20252026\/wp-json\/wp\/v2\/posts\/1570","targetHints":{"allow":["GET"]}}],"collection":[{"href":"\/20252026\/wp-json\/wp\/v2\/posts"}],"about":[{"href":"\/20252026\/wp-json\/wp\/v2\/types\/post"}],"author":[{"embeddable":true,"href":"\/20252026\/wp-json\/wp\/v2\/users\/4"}],"replies":[{"embeddable":true,"href":"\/20252026\/wp-json\/wp\/v2\/comments?post=1570"}],"version-history":[{"count":0,"href":"\/20252026\/wp-json\/wp\/v2\/posts\/1570\/revisions"}],"wp:attachment":[{"href":"\/20252026\/wp-json\/wp\/v2\/media?parent=1570"}],"wp:term":[{"taxonomy":"category","embeddable":true,"href":"\/20252026\/wp-json\/wp\/v2\/categories?post=1570"},{"taxonomy":"post_tag","embeddable":true,"href":"\/20252026\/wp-json\/wp\/v2\/tags?post=1570"}],"curies":[{"name":"wp","href":"https:\/\/api.w.org\/{rel}","templated":true}]}}