{"id":1578,"date":"2026-01-13T00:05:02","date_gmt":"2026-01-12T22:05:02","guid":{"rendered":"\/20252026\/saixeca-el-telo\/"},"modified":"2026-01-13T00:05:02","modified_gmt":"2026-01-12T22:05:02","slug":"saixeca-el-telo","status":"publish","type":"post","link":"\/20252026\/saixeca-el-telo\/","title":{"rendered":"S\u2019AIXECA EL TEL\u00d3"},"content":{"rendered":"<p>Des de <a href=\"https:\/\/blocsenresidencia.bcn.cat\/pompeufabra2026\/saixeca-el-telo\/\">V\u00edctor Jaenada EN RESiD\u00c8NCiA a l&#8217;Institut Pompeu Fabra (Badalona)<\/a><\/p>\n<div>Sonen les campanes, fa calor, \u00e9s estiu. El V\u00edctor ens ha traslladat a una casa, la casa de la Bernarda Alba. Encara no sabem qui \u00e9s aquesta senyora, no la coneixem, ni a on est\u00e0 aquesta casa, per\u00f2 aviat ens adonem que pertany a una hist\u00f2ria que lliga amb el V\u00edctor i en connexi\u00f3 amb \u2026 <\/p>\n<p class=\"link-more\"><a href=\"https:\/\/blocsenresidencia.bcn.cat\/pompeufabra2026\/saixeca-el-telo\/\" class=\"more-link\">Continua llegint <span class=\"screen-reader-text\">\u00abS\u2019AIXECA EL TEL\u00d3\u00bb<\/span><\/a><\/p>\n<\/div>\n","protected":false},"excerpt":{"rendered":"<p>Des de V\u00edctor Jaenada EN RESiD\u00c8NCiA a l&#8217;Institut Pompeu Fabra (Badalona) Sonen les campanes, fa calor, \u00e9s estiu. El V\u00edctor ens ha traslladat a una casa, la casa de la Bernarda Alba. Encara no sabem qui \u00e9s aquesta senyora, no la coneixem, ni a on est\u00e0 aquesta casa, per\u00f2 aviat ens adonem que pertany a &hellip; <\/p>\n<p class=\"link-more\"><a href=\"\/20252026\/saixeca-el-telo\/\" class=\"more-link\">Continua llegint <span class=\"screen-reader-text\">\u00abS\u2019AIXECA EL TEL\u00d3\u00bb<\/span><\/a><\/p>\n","protected":false},"author":4,"featured_media":0,"comment_status":"closed","ping_status":"closed","sticky":false,"template":"","format":"standard","meta":{"footnotes":""},"categories":[1],"tags":[],"class_list":["post-1578","post","type-post","status-publish","format-standard","hentry","category-general"],"_links":{"self":[{"href":"\/20252026\/wp-json\/wp\/v2\/posts\/1578","targetHints":{"allow":["GET"]}}],"collection":[{"href":"\/20252026\/wp-json\/wp\/v2\/posts"}],"about":[{"href":"\/20252026\/wp-json\/wp\/v2\/types\/post"}],"author":[{"embeddable":true,"href":"\/20252026\/wp-json\/wp\/v2\/users\/4"}],"replies":[{"embeddable":true,"href":"\/20252026\/wp-json\/wp\/v2\/comments?post=1578"}],"version-history":[{"count":0,"href":"\/20252026\/wp-json\/wp\/v2\/posts\/1578\/revisions"}],"wp:attachment":[{"href":"\/20252026\/wp-json\/wp\/v2\/media?parent=1578"}],"wp:term":[{"taxonomy":"category","embeddable":true,"href":"\/20252026\/wp-json\/wp\/v2\/categories?post=1578"},{"taxonomy":"post_tag","embeddable":true,"href":"\/20252026\/wp-json\/wp\/v2\/tags?post=1578"}],"curies":[{"name":"wp","href":"https:\/\/api.w.org\/{rel}","templated":true}]}}