{"id":1588,"date":"2026-01-15T00:08:41","date_gmt":"2026-01-14T22:08:41","guid":{"rendered":"\/20252026\/consolidacio-ritmica-i-narratives-compartides\/"},"modified":"2026-01-15T00:08:41","modified_gmt":"2026-01-14T22:08:41","slug":"consolidacio-ritmica-i-narratives-compartides","status":"publish","type":"post","link":"\/20252026\/consolidacio-ritmica-i-narratives-compartides\/","title":{"rendered":"Consolidaci\u00f3 R\u00edtmica i Narratives Compartides"},"content":{"rendered":"<p>Des de <a href=\"https:\/\/blocsenresidencia.bcn.cat\/sants2026\/consolidacio-ritmica-i-narratives-compartides\/\">Carolina Torres Topaga EN RESiD\u00c8NCiA a l\u2019Institut Sants (Barcelona)<\/a><\/p>\n<div>Les darreres sessions del projecte en el mes de desembre han representat un punt d\u2019inflexi\u00f3 en la cohesi\u00f3 del grup i la definici\u00f3 del llenguatge esc\u00e8nic. Mitjan\u00e7ant la fusi\u00f3 de les habilitats individuals i el treball r\u00edtmic col\u00b7lectiu, s\u2019ha avan\u00e7at en la construcci\u00f3 d\u2019una identitat compartida. 1. Cohesi\u00f3 i Comprom\u00eds Grupal Durant les sessions de \u2026 <\/p>\n<p class=\"link-more\"><a href=\"https:\/\/blocsenresidencia.bcn.cat\/sants2026\/consolidacio-ritmica-i-narratives-compartides\/\" class=\"more-link\">Continua llegint <span class=\"screen-reader-text\">\u00abConsolidaci\u00f3 R\u00edtmica i Narratives Compartides\u00bb<\/span><\/a><\/p>\n<\/div>\n","protected":false},"excerpt":{"rendered":"<p>Des de Carolina Torres Topaga EN RESiD\u00c8NCiA a l\u2019Institut Sants (Barcelona) Les darreres sessions del projecte en el mes de desembre han representat un punt d\u2019inflexi\u00f3 en la cohesi\u00f3 del grup i la definici\u00f3 del llenguatge esc\u00e8nic. Mitjan\u00e7ant la fusi\u00f3 de les habilitats individuals i el treball r\u00edtmic col\u00b7lectiu, s\u2019ha avan\u00e7at en la construcci\u00f3 d\u2019una &hellip; <\/p>\n<p class=\"link-more\"><a href=\"\/20252026\/consolidacio-ritmica-i-narratives-compartides\/\" class=\"more-link\">Continua llegint <span class=\"screen-reader-text\">\u00abConsolidaci\u00f3 R\u00edtmica i Narratives Compartides\u00bb<\/span><\/a><\/p>\n","protected":false},"author":4,"featured_media":0,"comment_status":"closed","ping_status":"closed","sticky":false,"template":"","format":"standard","meta":{"footnotes":""},"categories":[1],"tags":[],"class_list":["post-1588","post","type-post","status-publish","format-standard","hentry","category-general"],"_links":{"self":[{"href":"\/20252026\/wp-json\/wp\/v2\/posts\/1588","targetHints":{"allow":["GET"]}}],"collection":[{"href":"\/20252026\/wp-json\/wp\/v2\/posts"}],"about":[{"href":"\/20252026\/wp-json\/wp\/v2\/types\/post"}],"author":[{"embeddable":true,"href":"\/20252026\/wp-json\/wp\/v2\/users\/4"}],"replies":[{"embeddable":true,"href":"\/20252026\/wp-json\/wp\/v2\/comments?post=1588"}],"version-history":[{"count":0,"href":"\/20252026\/wp-json\/wp\/v2\/posts\/1588\/revisions"}],"wp:attachment":[{"href":"\/20252026\/wp-json\/wp\/v2\/media?parent=1588"}],"wp:term":[{"taxonomy":"category","embeddable":true,"href":"\/20252026\/wp-json\/wp\/v2\/categories?post=1588"},{"taxonomy":"post_tag","embeddable":true,"href":"\/20252026\/wp-json\/wp\/v2\/tags?post=1588"}],"curies":[{"name":"wp","href":"https:\/\/api.w.org\/{rel}","templated":true}]}}