{"id":1591,"date":"2026-01-16T12:23:43","date_gmt":"2026-01-16T10:23:43","guid":{"rendered":"\/20252026\/qui-es-qui\/"},"modified":"2026-01-16T12:23:43","modified_gmt":"2026-01-16T10:23:43","slug":"qui-es-qui","status":"publish","type":"post","link":"\/20252026\/qui-es-qui\/","title":{"rendered":"QUI \u00c9S QUI?"},"content":{"rendered":"<p>Des de <a href=\"https:\/\/blocsenresidencia.bcn.cat\/pompeufabra2026\/qui-es-qui\/\">V\u00edctor Jaenada EN RESiD\u00c8NCiA a l&#8217;Institut Pompeu Fabra (Badalona)<\/a><\/p>\n<div>Darrera de cadasc\u00fa de nosaltres hi ha un personatge. Qui som? Qui serem? Aquesta \u00e9s la incertesa que s\u2019ha creat entre l\u2019alumnat al veure que l\u2019opci\u00f3 d\u2019una reinterpretaci\u00f3 teatral \u00e9s possible en el proc\u00e9s de creaci\u00f3 amb el V\u00edctor. Despr\u00e9s d\u2019aquesta primera fase de compartir aspectes m\u00e9s personals de cadasc\u00fa dels i les alumnes, el \u2026 <\/p>\n<p class=\"link-more\"><a href=\"https:\/\/blocsenresidencia.bcn.cat\/pompeufabra2026\/qui-es-qui\/\" class=\"more-link\">Continua llegint <span class=\"screen-reader-text\">\u00abQUI \u00c9S QUI?\u00bb<\/span><\/a><\/p>\n<\/div>\n","protected":false},"excerpt":{"rendered":"<p>Des de V\u00edctor Jaenada EN RESiD\u00c8NCiA a l&#8217;Institut Pompeu Fabra (Badalona) Darrera de cadasc\u00fa de nosaltres hi ha un personatge. Qui som? Qui serem? Aquesta \u00e9s la incertesa que s\u2019ha creat entre l\u2019alumnat al veure que l\u2019opci\u00f3 d\u2019una reinterpretaci\u00f3 teatral \u00e9s possible en el proc\u00e9s de creaci\u00f3 amb el V\u00edctor. Despr\u00e9s d\u2019aquesta primera fase de &hellip; <\/p>\n<p class=\"link-more\"><a href=\"\/20252026\/qui-es-qui\/\" class=\"more-link\">Continua llegint <span class=\"screen-reader-text\">\u00abQUI \u00c9S QUI?\u00bb<\/span><\/a><\/p>\n","protected":false},"author":4,"featured_media":0,"comment_status":"closed","ping_status":"closed","sticky":false,"template":"","format":"standard","meta":{"footnotes":""},"categories":[1],"tags":[],"class_list":["post-1591","post","type-post","status-publish","format-standard","hentry","category-general"],"_links":{"self":[{"href":"\/20252026\/wp-json\/wp\/v2\/posts\/1591","targetHints":{"allow":["GET"]}}],"collection":[{"href":"\/20252026\/wp-json\/wp\/v2\/posts"}],"about":[{"href":"\/20252026\/wp-json\/wp\/v2\/types\/post"}],"author":[{"embeddable":true,"href":"\/20252026\/wp-json\/wp\/v2\/users\/4"}],"replies":[{"embeddable":true,"href":"\/20252026\/wp-json\/wp\/v2\/comments?post=1591"}],"version-history":[{"count":0,"href":"\/20252026\/wp-json\/wp\/v2\/posts\/1591\/revisions"}],"wp:attachment":[{"href":"\/20252026\/wp-json\/wp\/v2\/media?parent=1591"}],"wp:term":[{"taxonomy":"category","embeddable":true,"href":"\/20252026\/wp-json\/wp\/v2\/categories?post=1591"},{"taxonomy":"post_tag","embeddable":true,"href":"\/20252026\/wp-json\/wp\/v2\/tags?post=1591"}],"curies":[{"name":"wp","href":"https:\/\/api.w.org\/{rel}","templated":true}]}}