{"id":1594,"date":"2026-01-21T00:35:06","date_gmt":"2026-01-20T22:35:06","guid":{"rendered":"\/20252026\/preparacio-per-a-la-sessio-oberta-del-projecte-en-residencia\/"},"modified":"2026-01-21T00:35:06","modified_gmt":"2026-01-20T22:35:06","slug":"preparacio-per-a-la-sessio-oberta-del-projecte-en-residencia","status":"publish","type":"post","link":"\/20252026\/preparacio-per-a-la-sessio-oberta-del-projecte-en-residencia\/","title":{"rendered":"Preparaci\u00f3 per a la Sessi\u00f3 Oberta del Projecte En Resid\u00e8ncia"},"content":{"rendered":"<p>Des de <a href=\"https:\/\/blocsenresidencia.bcn.cat\/torrevicens2026\/preparacio-per-a-la-sessio-oberta-del-projecte-en-residencia\/\">Marta Bisbal  EN RESiD\u00c8NCiA a l\u2019Institut Torre Vicens<\/a><\/p>\n<div>Despr\u00e9s de molt de treball i dedicaci\u00f3, els alumnes que formem part del projecte En Resid\u00e8ncia estem en el moment de preparaci\u00f3 de la nostra sessi\u00f3 oberta, que farem per als nostres profes. Aquesta \u00e9s una oportunitat \u00fanica per compartir tot el que hem apr\u00e8s i creat fins ara, per\u00f2 tamb\u00e9 \u00e9s un repte que \u2026 <\/p>\n<p class=\"link-more\"><a href=\"https:\/\/blocsenresidencia.bcn.cat\/torrevicens2026\/preparacio-per-a-la-sessio-oberta-del-projecte-en-residencia\/\" class=\"more-link\">Continua llegint <span class=\"screen-reader-text\">\u00abPreparaci\u00f3 per a la Sessi\u00f3 Oberta del Projecte En Resid\u00e8ncia\u00bb<\/span><\/a><\/p>\n<\/div>\n","protected":false},"excerpt":{"rendered":"<p>Des de Marta Bisbal EN RESiD\u00c8NCiA a l\u2019Institut Torre Vicens Despr\u00e9s de molt de treball i dedicaci\u00f3, els alumnes que formem part del projecte En Resid\u00e8ncia estem en el moment de preparaci\u00f3 de la nostra sessi\u00f3 oberta, que farem per als nostres profes. Aquesta \u00e9s una oportunitat \u00fanica per compartir tot el que hem apr\u00e8s &hellip; <\/p>\n<p class=\"link-more\"><a href=\"\/20252026\/preparacio-per-a-la-sessio-oberta-del-projecte-en-residencia\/\" class=\"more-link\">Continua llegint <span class=\"screen-reader-text\">\u00abPreparaci\u00f3 per a la Sessi\u00f3 Oberta del Projecte En Resid\u00e8ncia\u00bb<\/span><\/a><\/p>\n","protected":false},"author":4,"featured_media":0,"comment_status":"closed","ping_status":"closed","sticky":false,"template":"","format":"standard","meta":{"footnotes":""},"categories":[1],"tags":[],"class_list":["post-1594","post","type-post","status-publish","format-standard","hentry","category-general"],"_links":{"self":[{"href":"\/20252026\/wp-json\/wp\/v2\/posts\/1594","targetHints":{"allow":["GET"]}}],"collection":[{"href":"\/20252026\/wp-json\/wp\/v2\/posts"}],"about":[{"href":"\/20252026\/wp-json\/wp\/v2\/types\/post"}],"author":[{"embeddable":true,"href":"\/20252026\/wp-json\/wp\/v2\/users\/4"}],"replies":[{"embeddable":true,"href":"\/20252026\/wp-json\/wp\/v2\/comments?post=1594"}],"version-history":[{"count":0,"href":"\/20252026\/wp-json\/wp\/v2\/posts\/1594\/revisions"}],"wp:attachment":[{"href":"\/20252026\/wp-json\/wp\/v2\/media?parent=1594"}],"wp:term":[{"taxonomy":"category","embeddable":true,"href":"\/20252026\/wp-json\/wp\/v2\/categories?post=1594"},{"taxonomy":"post_tag","embeddable":true,"href":"\/20252026\/wp-json\/wp\/v2\/tags?post=1594"}],"curies":[{"name":"wp","href":"https:\/\/api.w.org\/{rel}","templated":true}]}}