{"id":1605,"date":"2026-01-26T00:48:06","date_gmt":"2026-01-25T22:48:06","guid":{"rendered":"\/20252026\/com-ens-vam-sentir-mentre-creavem-la-nostra-primera-coreografia\/"},"modified":"2026-01-26T00:48:06","modified_gmt":"2026-01-25T22:48:06","slug":"com-ens-vam-sentir-mentre-creavem-la-nostra-primera-coreografia","status":"publish","type":"post","link":"\/20252026\/com-ens-vam-sentir-mentre-creavem-la-nostra-primera-coreografia\/","title":{"rendered":"Com ens vam sentir mentre cre\u00e0vem la nostra primera coreografia.\u00a0\u00a0"},"content":{"rendered":"<p>Des de <a href=\"https:\/\/blocsenresidencia.bcn.cat\/moisesbroggi2026\/com-ens-vam-sentir-mentre-creavem-la-nostra-primera-coreografia\/\">Lu Chieregati EN RESiD\u00c8NCiA a l\u2019Institut Mois\u00e8s Broggi (Barcelona)<\/a><\/p>\n<div>Adri\u00e1n Martos i Cristopher Kumar Aquest curs estem fent un projecte de Creaci\u00f3 esc\u00e8nica amb Lu, Stephani i Pau de La Caldera i estem aprenent molt. Aix\u00f2 ho fem els dimecres i els dilluns fem reflexions per escrit sobre all\u00f2 que fem el dimecres, i escrivim aquests articles per al blogg. Un d\u2019aquests dilluns, la \u2026 <\/p>\n<p class=\"link-more\"><a href=\"https:\/\/blocsenresidencia.bcn.cat\/moisesbroggi2026\/com-ens-vam-sentir-mentre-creavem-la-nostra-primera-coreografia\/\" class=\"more-link\">Continua llegint <span class=\"screen-reader-text\">\u00abCom ens vam sentir mentre cre\u00e0vem la nostra primera coreografia.\u00a0\u00a0\u00bb<\/span><\/a><\/p>\n<\/div>\n","protected":false},"excerpt":{"rendered":"<p>Des de Lu Chieregati EN RESiD\u00c8NCiA a l\u2019Institut Mois\u00e8s Broggi (Barcelona) Adri\u00e1n Martos i Cristopher Kumar Aquest curs estem fent un projecte de Creaci\u00f3 esc\u00e8nica amb Lu, Stephani i Pau de La Caldera i estem aprenent molt. Aix\u00f2 ho fem els dimecres i els dilluns fem reflexions per escrit sobre all\u00f2 que fem el dimecres, &hellip; <\/p>\n<p class=\"link-more\"><a href=\"\/20252026\/com-ens-vam-sentir-mentre-creavem-la-nostra-primera-coreografia\/\" class=\"more-link\">Continua llegint <span class=\"screen-reader-text\">\u00abCom ens vam sentir mentre cre\u00e0vem la nostra primera coreografia.\u00a0\u00a0\u00bb<\/span><\/a><\/p>\n","protected":false},"author":4,"featured_media":0,"comment_status":"closed","ping_status":"closed","sticky":false,"template":"","format":"standard","meta":{"footnotes":""},"categories":[1],"tags":[],"class_list":["post-1605","post","type-post","status-publish","format-standard","hentry","category-general"],"_links":{"self":[{"href":"\/20252026\/wp-json\/wp\/v2\/posts\/1605","targetHints":{"allow":["GET"]}}],"collection":[{"href":"\/20252026\/wp-json\/wp\/v2\/posts"}],"about":[{"href":"\/20252026\/wp-json\/wp\/v2\/types\/post"}],"author":[{"embeddable":true,"href":"\/20252026\/wp-json\/wp\/v2\/users\/4"}],"replies":[{"embeddable":true,"href":"\/20252026\/wp-json\/wp\/v2\/comments?post=1605"}],"version-history":[{"count":0,"href":"\/20252026\/wp-json\/wp\/v2\/posts\/1605\/revisions"}],"wp:attachment":[{"href":"\/20252026\/wp-json\/wp\/v2\/media?parent=1605"}],"wp:term":[{"taxonomy":"category","embeddable":true,"href":"\/20252026\/wp-json\/wp\/v2\/categories?post=1605"},{"taxonomy":"post_tag","embeddable":true,"href":"\/20252026\/wp-json\/wp\/v2\/tags?post=1605"}],"curies":[{"name":"wp","href":"https:\/\/api.w.org\/{rel}","templated":true}]}}