{"id":1606,"date":"2026-01-26T00:48:06","date_gmt":"2026-01-25T22:48:06","guid":{"rendered":"\/20252026\/com-ens-vam-organitzar-el-nostre-grup-a-lhora-de-crear-la-primera-coreografia\/"},"modified":"2026-01-26T00:48:06","modified_gmt":"2026-01-25T22:48:06","slug":"com-ens-vam-organitzar-el-nostre-grup-a-lhora-de-crear-la-primera-coreografia","status":"publish","type":"post","link":"\/20252026\/com-ens-vam-organitzar-el-nostre-grup-a-lhora-de-crear-la-primera-coreografia\/","title":{"rendered":"Com ens vam organitzar el nostre grup a l\u2019hora de crear la primera coreografia."},"content":{"rendered":"<p>Des de <a href=\"https:\/\/blocsenresidencia.bcn.cat\/moisesbroggi2026\/com-ens-vam-organitzar-el-nostre-grup-a-lhora-de-crear-la-primera-coreografia\/\">Lu Chieregati EN RESiD\u00c8NCiA a l\u2019Institut Mois\u00e8s Broggi (Barcelona)<\/a><\/p>\n<div>Montse Reverte i Mar Asensio. Ara us explicarem com nosaltres ens vam organitzar a l\u2019hora de fer la coreografia: Primer vam triar la can\u00e7\u00f3, per comen\u00e7ar a pensar l\u2019estructura que tindria la coreografia, \u00e9s a dir, a partir de la can\u00e7\u00f3, ens van compartir les pautes que hav\u00edem d\u2019utilitzar en alguns moments. Tamb\u00e9 vam haver \u2026 <\/p>\n<p class=\"link-more\"><a href=\"https:\/\/blocsenresidencia.bcn.cat\/moisesbroggi2026\/com-ens-vam-organitzar-el-nostre-grup-a-lhora-de-crear-la-primera-coreografia\/\" class=\"more-link\">Continua llegint <span class=\"screen-reader-text\">\u00abCom ens vam organitzar el nostre grup a l\u2019hora de crear la primera coreografia.\u00bb<\/span><\/a><\/p>\n<\/div>\n","protected":false},"excerpt":{"rendered":"<p>Des de Lu Chieregati EN RESiD\u00c8NCiA a l\u2019Institut Mois\u00e8s Broggi (Barcelona) Montse Reverte i Mar Asensio. Ara us explicarem com nosaltres ens vam organitzar a l\u2019hora de fer la coreografia: Primer vam triar la can\u00e7\u00f3, per comen\u00e7ar a pensar l\u2019estructura que tindria la coreografia, \u00e9s a dir, a partir de la can\u00e7\u00f3, ens van compartir &hellip; <\/p>\n<p class=\"link-more\"><a href=\"\/20252026\/com-ens-vam-organitzar-el-nostre-grup-a-lhora-de-crear-la-primera-coreografia\/\" class=\"more-link\">Continua llegint <span class=\"screen-reader-text\">\u00abCom ens vam organitzar el nostre grup a l\u2019hora de crear la primera coreografia.\u00bb<\/span><\/a><\/p>\n","protected":false},"author":4,"featured_media":0,"comment_status":"closed","ping_status":"closed","sticky":false,"template":"","format":"standard","meta":{"footnotes":""},"categories":[1],"tags":[],"class_list":["post-1606","post","type-post","status-publish","format-standard","hentry","category-general"],"_links":{"self":[{"href":"\/20252026\/wp-json\/wp\/v2\/posts\/1606","targetHints":{"allow":["GET"]}}],"collection":[{"href":"\/20252026\/wp-json\/wp\/v2\/posts"}],"about":[{"href":"\/20252026\/wp-json\/wp\/v2\/types\/post"}],"author":[{"embeddable":true,"href":"\/20252026\/wp-json\/wp\/v2\/users\/4"}],"replies":[{"embeddable":true,"href":"\/20252026\/wp-json\/wp\/v2\/comments?post=1606"}],"version-history":[{"count":0,"href":"\/20252026\/wp-json\/wp\/v2\/posts\/1606\/revisions"}],"wp:attachment":[{"href":"\/20252026\/wp-json\/wp\/v2\/media?parent=1606"}],"wp:term":[{"taxonomy":"category","embeddable":true,"href":"\/20252026\/wp-json\/wp\/v2\/categories?post=1606"},{"taxonomy":"post_tag","embeddable":true,"href":"\/20252026\/wp-json\/wp\/v2\/tags?post=1606"}],"curies":[{"name":"wp","href":"https:\/\/api.w.org\/{rel}","templated":true}]}}